{"id":84104,"date":"2026-01-30T13:54:46","date_gmt":"2026-01-30T10:54:46","guid":{"rendered":"https:\/\/www.egemtv.com\/?p=84104"},"modified":"2026-01-30T13:54:48","modified_gmt":"2026-01-30T10:54:48","slug":"sabikali-yolda-kamyon-uzum-bagina-girdi","status":"publish","type":"post","link":"https:\/\/www.egemtv.com\/?p=84104","title":{"rendered":"Sab\u0131kal\u0131 yolda kamyon \u00fcz\u00fcm ba\u011f\u0131na girdi"},"content":{"rendered":"<p>Denizli\u2019nin Buldan il\u00e7esinde, kazalarla s\u0131k s\u0131k g\u00fcndeme gelen Buldan karayolunda meydana gelen trafik kazas\u0131nda bir kamyon \u00fcz\u00fcm ba\u011f\u0131na girdi.<br \/>\n<br \/>Kaza, Buldan il\u00e7esi O\u011fuz Mahallesi Denizli &#8211; Salihli karayolu \u00fczerinde meydana geldi. Edinilen bilgilere g\u00f6re, ismi hen\u00fcz \u00f6\u011frenilemeyen s\u00fcr\u00fcc\u00fc 20 ASY 582 plakal\u0131 kamyon ile seyir halindeyken,  ya\u011f\u0131\u015f sonras\u0131 direksiyon h\u00e2kimiyetini kaybetti. Kontrolden \u00e7\u0131kan kamyon, yoldan \u00e7\u0131karak \u00fcz\u00fcm ba\u011f\u0131na girdi. Meydana gelen kazada can kayb\u0131 ya\u015fanmazken, kamyonda ve \u00fcz\u00fcm ba\u011f\u0131nda maddi hasar olu\u015ftu.<br \/>\n<br \/>Olayla ilgili inceleme ba\u015flat\u0131ld\u0131.<br \/><\/p>\n","protected":false},"excerpt":{"rendered":"<p>Denizli\u2019nin Buldan il\u00e7esinde, kazalarla s\u0131k s\u0131k g\u00fcndeme gelen Buldan karayolunda meydana gelen trafik kazas\u0131nda bir kamyon \u00fcz\u00fcm ba\u011f\u0131na girdi. Kaza, Buldan il\u00e7esi O\u011fuz Mahallesi Denizli &#8211; Salihli karayolu \u00fczerinde meydana geldi. Edinilen bilgilere g\u00f6re, ismi hen\u00fcz \u00f6\u011frenilemeyen s\u00fcr\u00fcc\u00fc 20 ASY 582 plakal\u0131 kamyon ile seyir halindeyken, ya\u011f\u0131\u015f sonras\u0131 direksiyon h\u00e2kimiyetini kaybetti. Kontrolden \u00e7\u0131kan kamyon, yoldan&#8230;<\/p>\n","protected":false},"author":1,"featured_media":84105,"comment_status":"open","ping_status":"open","sticky":false,"template":"","format":"standard","meta":{"_crdt_document":"","footnotes":""},"categories":[5],"tags":[],"class_list":["post-84104","post","type-post","status-publish","format-standard","has-post-thumbnail","hentry","category-asayis"],"_links":{"self":[{"href":"https:\/\/www.egemtv.com\/index.php?rest_route=\/wp\/v2\/posts\/84104","targetHints":{"allow":["GET"]}}],"collection":[{"href":"https:\/\/www.egemtv.com\/index.php?rest_route=\/wp\/v2\/posts"}],"about":[{"href":"https:\/\/www.egemtv.com\/index.php?rest_route=\/wp\/v2\/types\/post"}],"author":[{"embeddable":true,"href":"https:\/\/www.egemtv.com\/index.php?rest_route=\/wp\/v2\/users\/1"}],"replies":[{"embeddable":true,"href":"https:\/\/www.egemtv.com\/index.php?rest_route=%2Fwp%2Fv2%2Fcomments&post=84104"}],"version-history":[{"count":1,"href":"https:\/\/www.egemtv.com\/index.php?rest_route=\/wp\/v2\/posts\/84104\/revisions"}],"predecessor-version":[{"id":84106,"href":"https:\/\/www.egemtv.com\/index.php?rest_route=\/wp\/v2\/posts\/84104\/revisions\/84106"}],"wp:featuredmedia":[{"embeddable":true,"href":"https:\/\/www.egemtv.com\/index.php?rest_route=\/wp\/v2\/media\/84105"}],"wp:attachment":[{"href":"https:\/\/www.egemtv.com\/index.php?rest_route=%2Fwp%2Fv2%2Fmedia&parent=84104"}],"wp:term":[{"taxonomy":"category","embeddable":true,"href":"https:\/\/www.egemtv.com\/index.php?rest_route=%2Fwp%2Fv2%2Fcategories&post=84104"},{"taxonomy":"post_tag","embeddable":true,"href":"https:\/\/www.egemtv.com\/index.php?rest_route=%2Fwp%2Fv2%2Ftags&post=84104"}],"curies":[{"name":"wp","href":"https:\/\/api.w.org\/{rel}","templated":true}]}}