{"id":84101,"date":"2026-01-30T13:14:51","date_gmt":"2026-01-30T10:14:51","guid":{"rendered":"https:\/\/www.egemtv.com\/?p=84101"},"modified":"2026-01-30T13:14:52","modified_gmt":"2026-01-30T10:14:52","slug":"aydin-icin-sari-kod-verildi","status":"publish","type":"post","link":"https:\/\/www.egemtv.com\/?p=84101","title":{"rendered":"Ayd\u0131n i\u00e7in \u2019Sar\u0131\u2019 kod verildi"},"content":{"rendered":"<p>Ayd\u0131n\u2019\u0131n bat\u0131 kesimleri i\u00e7in sar\u0131 kod verilirken, yar\u0131ndan itibaren kuvvetli g\u00f6k g\u00fcr\u00fclt\u00fcl\u00fc sa\u011fanak ya\u011f\u0131\u015f\u0131n etkili olmas\u0131 bekleniyor.<\/p>\n<p>Meteoroloji 2. B\u00f6lge M\u00fcd\u00fcrl\u00fc\u011f\u00fc B\u00f6lge Hava Tahmin ve Erken Uyar\u0131 Merkezi\u2019nden, Ayd\u0131n i\u00e7in kuvvetli g\u00f6k g\u00fcr\u00fclt\u00fcl\u00fc sa\u011fanak ya\u011f\u0131\u015f uyar\u0131s\u0131 yap\u0131ld\u0131. \u00d6zellikle Ayd\u0131n\u2019\u0131n merkez il\u00e7esi Efeler ile bat\u0131 kesimi i\u00e7in sar\u0131 kod verilirken, olumsuzluklara kar\u015f\u0131 dikkatli ve tedbirli olunmas\u0131 gerekti\u011fi hat\u0131rlat\u0131ld\u0131. Meteoroloji 2. B\u00f6lge M\u00fcd\u00fcrl\u00fc\u011f\u00fc B\u00f6lge Hava Tahmin ve Erken Uyar\u0131 Merkezi\u2019nden yap\u0131lan a\u00e7\u0131klamada &#8220;Yap\u0131lan son de\u011ferlendirmelere g\u00f6re 31 Ocak 2026 Cumartesi g\u00fcn\u00fc Ayd\u0131n il genelinde beklenen sa\u011fanak ve g\u00f6k g\u00fcr\u00fclt\u00fcl\u00fc sa\u011fanak ya\u011f\u0131\u015flar\u0131n, Ayd\u0131n merkez \u00e7evreleri ve bat\u0131s\u0131nda yerel olarak kuvvetli (21-50 kg\/m2) olmas\u0131 bekleniyor. Kuvvetli ya\u011f\u0131\u015flarla birlikte dolu ya\u011f\u0131\u015f\u0131, sel, su bask\u0131n\u0131, y\u0131ld\u0131r\u0131m, ya\u011f\u0131\u015f an\u0131nda kuvvetli r\u00fczgar ve f\u0131rt\u0131na, ula\u015f\u0131mda aksamalar ile k\u0131y\u0131 kesimlerde hortum gibi olumsuzluklara kar\u015f\u0131 dikkatli ve tedbirli olunmal\u0131d\u0131r. Sel, su bask\u0131n\u0131, yerel y\u0131ld\u0131r\u0131m ve dolu, ya\u011f\u0131\u015f an\u0131nda kuvvetli r\u00fczgar ve ula\u015f\u0131mda aksamalar, \u00e7at\u0131 u\u00e7mas\u0131, a\u011fa\u00e7 ve direk devrilmesi, yerel hortum olu\u015fumu, soba ve do\u011falgaz kaynakl\u0131 zehirlenmeler ve ula\u015f\u0131mda aksamalar ya\u015fanabilir&#8221; ifadeleri yer ald\u0131.<br \/><\/p>\n","protected":false},"excerpt":{"rendered":"<p>Ayd\u0131n\u2019\u0131n bat\u0131 kesimleri i\u00e7in sar\u0131 kod verilirken, yar\u0131ndan itibaren kuvvetli g\u00f6k g\u00fcr\u00fclt\u00fcl\u00fc sa\u011fanak ya\u011f\u0131\u015f\u0131n etkili olmas\u0131 bekleniyor. Meteoroloji 2. B\u00f6lge M\u00fcd\u00fcrl\u00fc\u011f\u00fc B\u00f6lge Hava Tahmin ve Erken Uyar\u0131 Merkezi\u2019nden, Ayd\u0131n i\u00e7in kuvvetli g\u00f6k g\u00fcr\u00fclt\u00fcl\u00fc sa\u011fanak ya\u011f\u0131\u015f uyar\u0131s\u0131 yap\u0131ld\u0131. \u00d6zellikle Ayd\u0131n\u2019\u0131n merkez il\u00e7esi Efeler ile bat\u0131 kesimi i\u00e7in sar\u0131 kod verilirken, olumsuzluklara kar\u015f\u0131 dikkatli ve tedbirli olunmas\u0131&#8230;<\/p>\n","protected":false},"author":1,"featured_media":84102,"comment_status":"open","ping_status":"open","sticky":false,"template":"","format":"standard","meta":{"_crdt_document":"","footnotes":""},"categories":[1],"tags":[],"class_list":["post-84101","post","type-post","status-publish","format-standard","has-post-thumbnail","hentry","category-guncel"],"_links":{"self":[{"href":"https:\/\/www.egemtv.com\/index.php?rest_route=\/wp\/v2\/posts\/84101","targetHints":{"allow":["GET"]}}],"collection":[{"href":"https:\/\/www.egemtv.com\/index.php?rest_route=\/wp\/v2\/posts"}],"about":[{"href":"https:\/\/www.egemtv.com\/index.php?rest_route=\/wp\/v2\/types\/post"}],"author":[{"embeddable":true,"href":"https:\/\/www.egemtv.com\/index.php?rest_route=\/wp\/v2\/users\/1"}],"replies":[{"embeddable":true,"href":"https:\/\/www.egemtv.com\/index.php?rest_route=%2Fwp%2Fv2%2Fcomments&post=84101"}],"version-history":[{"count":1,"href":"https:\/\/www.egemtv.com\/index.php?rest_route=\/wp\/v2\/posts\/84101\/revisions"}],"predecessor-version":[{"id":84103,"href":"https:\/\/www.egemtv.com\/index.php?rest_route=\/wp\/v2\/posts\/84101\/revisions\/84103"}],"wp:featuredmedia":[{"embeddable":true,"href":"https:\/\/www.egemtv.com\/index.php?rest_route=\/wp\/v2\/media\/84102"}],"wp:attachment":[{"href":"https:\/\/www.egemtv.com\/index.php?rest_route=%2Fwp%2Fv2%2Fmedia&parent=84101"}],"wp:term":[{"taxonomy":"category","embeddable":true,"href":"https:\/\/www.egemtv.com\/index.php?rest_route=%2Fwp%2Fv2%2Fcategories&post=84101"},{"taxonomy":"post_tag","embeddable":true,"href":"https:\/\/www.egemtv.com\/index.php?rest_route=%2Fwp%2Fv2%2Ftags&post=84101"}],"curies":[{"name":"wp","href":"https:\/\/api.w.org\/{rel}","templated":true}]}}