{"id":84098,"date":"2026-01-30T13:14:50","date_gmt":"2026-01-30T10:14:50","guid":{"rendered":"https:\/\/www.egemtv.com\/?p=84098"},"modified":"2026-01-30T13:14:51","modified_gmt":"2026-01-30T10:14:51","slug":"kutahyada-orman-isletme-mudurlugu-yoneticilerine-egitim","status":"publish","type":"post","link":"https:\/\/www.egemtv.com\/?p=84098","title":{"rendered":"K\u00fctahya\u2019da Orman \u0130\u015fletme M\u00fcd\u00fcrl\u00fc\u011f\u00fc y\u00f6neticilerine e\u011fitim"},"content":{"rendered":"<p>K\u00fctahya Orman B\u00f6lge M\u00fcd\u00fcrl\u00fc\u011f\u00fc y\u00f6neticilerine &#8220;2026 Y\u0131l\u0131 Amenajman Planlar\u0131n\u0131n Yenilenmesi \u00c7al\u0131\u015fmalar\u0131&#8221; konulu e\u011fitim program\u0131 d\u00fczenlendi.<br \/>\n<br \/>E\u011fitim program\u0131 kapsam\u0131nda Orman \u0130daresi ve Planlama Dairesi Ba\u015fkan\u0131 G\u00fcven G\u00fcltekin, Daire Ba\u015fkan Yard\u0131mc\u0131s\u0131 Mehmet K\u0131l\u0131\u00e7 ve \u015eube M\u00fcd\u00fcr\u00fc G\u00fcrol Basri Altunay, K\u00fctahya Orman B\u00f6lge M\u00fcd\u00fcr\u00fc Erdal Dingil\u2019i makam\u0131nda ziyaret etti. Ziyarette, amenajman planlar\u0131n\u0131n yenilenmesine ili\u015fkin e\u011fitim s\u00fcrecinin ama\u00e7lar\u0131 ve uygulanacak \u00e7al\u0131\u015fmalar hakk\u0131nda de\u011ferlendirmelerde bulunuldu.<br \/>\n<br \/>Ziyaretin ard\u0131ndan B\u00f6lge M\u00fcd\u00fcrl\u00fc\u011f\u00fc toplant\u0131 salonunda ger\u00e7ekle\u015ftirilen e\u011fitimde, Daire Ba\u015fkan\u0131 G\u00fcven G\u00fcltekin, Daire Ba\u015fkan Yard\u0131mc\u0131s\u0131 Mehmet K\u0131l\u0131\u00e7 ve \u015eube M\u00fcd\u00fcr\u00fc G\u00fcrol Basri Altunay taraf\u0131ndan \u0130\u015fletme M\u00fcd\u00fcr Yard\u0131mc\u0131lar\u0131 ve \u0130\u015fletme \u015eeflerine, 2026 Y\u0131l\u0131 Amenajman Planlar\u0131n\u0131n Yenilenmesi \u00c7al\u0131\u015fmalar\u0131 hakk\u0131nda kapsaml\u0131 bilgiler aktar\u0131ld\u0131.<br \/><\/p>\n","protected":false},"excerpt":{"rendered":"<p>K\u00fctahya Orman B\u00f6lge M\u00fcd\u00fcrl\u00fc\u011f\u00fc y\u00f6neticilerine &#8220;2026 Y\u0131l\u0131 Amenajman Planlar\u0131n\u0131n Yenilenmesi \u00c7al\u0131\u015fmalar\u0131&#8221; konulu e\u011fitim program\u0131 d\u00fczenlendi. E\u011fitim program\u0131 kapsam\u0131nda Orman \u0130daresi ve Planlama Dairesi Ba\u015fkan\u0131 G\u00fcven G\u00fcltekin, Daire Ba\u015fkan Yard\u0131mc\u0131s\u0131 Mehmet K\u0131l\u0131\u00e7 ve \u015eube M\u00fcd\u00fcr\u00fc G\u00fcrol Basri Altunay, K\u00fctahya Orman B\u00f6lge M\u00fcd\u00fcr\u00fc Erdal Dingil\u2019i makam\u0131nda ziyaret etti. Ziyarette, amenajman planlar\u0131n\u0131n yenilenmesine ili\u015fkin e\u011fitim s\u00fcrecinin ama\u00e7lar\u0131 ve&#8230;<\/p>\n","protected":false},"author":1,"featured_media":84099,"comment_status":"open","ping_status":"open","sticky":false,"template":"","format":"standard","meta":{"_crdt_document":"","footnotes":""},"categories":[1],"tags":[],"class_list":["post-84098","post","type-post","status-publish","format-standard","has-post-thumbnail","hentry","category-guncel"],"_links":{"self":[{"href":"https:\/\/www.egemtv.com\/index.php?rest_route=\/wp\/v2\/posts\/84098","targetHints":{"allow":["GET"]}}],"collection":[{"href":"https:\/\/www.egemtv.com\/index.php?rest_route=\/wp\/v2\/posts"}],"about":[{"href":"https:\/\/www.egemtv.com\/index.php?rest_route=\/wp\/v2\/types\/post"}],"author":[{"embeddable":true,"href":"https:\/\/www.egemtv.com\/index.php?rest_route=\/wp\/v2\/users\/1"}],"replies":[{"embeddable":true,"href":"https:\/\/www.egemtv.com\/index.php?rest_route=%2Fwp%2Fv2%2Fcomments&post=84098"}],"version-history":[{"count":1,"href":"https:\/\/www.egemtv.com\/index.php?rest_route=\/wp\/v2\/posts\/84098\/revisions"}],"predecessor-version":[{"id":84100,"href":"https:\/\/www.egemtv.com\/index.php?rest_route=\/wp\/v2\/posts\/84098\/revisions\/84100"}],"wp:featuredmedia":[{"embeddable":true,"href":"https:\/\/www.egemtv.com\/index.php?rest_route=\/wp\/v2\/media\/84099"}],"wp:attachment":[{"href":"https:\/\/www.egemtv.com\/index.php?rest_route=%2Fwp%2Fv2%2Fmedia&parent=84098"}],"wp:term":[{"taxonomy":"category","embeddable":true,"href":"https:\/\/www.egemtv.com\/index.php?rest_route=%2Fwp%2Fv2%2Fcategories&post=84098"},{"taxonomy":"post_tag","embeddable":true,"href":"https:\/\/www.egemtv.com\/index.php?rest_route=%2Fwp%2Fv2%2Ftags&post=84098"}],"curies":[{"name":"wp","href":"https:\/\/api.w.org\/{rel}","templated":true}]}}