{"id":84095,"date":"2026-01-30T13:14:49","date_gmt":"2026-01-30T10:14:49","guid":{"rendered":"https:\/\/www.egemtv.com\/?p=84095"},"modified":"2026-01-30T13:14:50","modified_gmt":"2026-01-30T10:14:50","slug":"kocarlida-ihtiyac-sahiplerine-sicak-yemek-ve-yakacak-destegi","status":"publish","type":"post","link":"https:\/\/www.egemtv.com\/?p=84095","title":{"rendered":"Ko\u00e7arl\u0131\u2019da ihtiya\u00e7 sahiplerine s\u0131cak yemek ve yakacak deste\u011fi"},"content":{"rendered":"<p>Ko\u00e7arl\u0131 Belediyesi b\u00fcnyesinde olu\u015fturulan Sosyal Hizmet ve Destek Ekibi, il\u00e7ede ya\u015fayan ihtiya\u00e7 sahibi vatanda\u015flara s\u0131cak yemek ve odun da\u011f\u0131t\u0131m\u0131 ger\u00e7ekle\u015ftirdi. \u00c7al\u0131\u015fmalar\u0131n k\u0131\u015f boyunca devam edece\u011fi bildirildi.<\/p>\n<p>Ko\u00e7arl\u0131\u2019da sosyal destek \u00e7al\u0131\u015fmalar\u0131 aral\u0131ks\u0131z s\u00fcr\u00fcyor. \u0130l\u00e7ede ihtiya\u00e7 sahibi vatanda\u015flara y\u00f6nelik y\u00fcr\u00fct\u00fclen \u00e7al\u0131\u015fmalar kapsam\u0131nda, Ko\u00e7arl\u0131 Belediyesi K\u00fclt\u00fcr ve Sosyal \u0130\u015fler M\u00fcd\u00fcrl\u00fc\u011f\u00fc b\u00fcnyesinde faaliyet g\u00f6steren Sosyal Hizmet ve Destek Ekibi, s\u0131cak yemek ve yakacak yard\u0131m\u0131 yapt\u0131. Ekipler, mahallelerde y\u00fcr\u00fctt\u00fckleri saha \u00e7al\u0131\u015fmalar\u0131yla belirlenen hanelere s\u0131cak yemek ula\u015ft\u0131r\u0131rken, so\u011fuk k\u0131\u015f g\u00fcnlerinde \u0131s\u0131nma ihtiyac\u0131 bulunan vatanda\u015flara da odun da\u011f\u0131t\u0131m\u0131 ger\u00e7ekle\u015ftirdi. Yard\u0131mlar\u0131n do\u011frudan ihtiya\u00e7 sahiplerine ula\u015ft\u0131r\u0131ld\u0131\u011f\u0131 belirtildi.<\/p>\n<p>\u00c7al\u0131\u015fmalarla ilgili de\u011ferlendirmede bulunan Ko\u00e7arl\u0131 Belediye Ba\u015fkan\u0131 \u00d6zg\u00fcr Ar\u0131c\u0131, sosyal dayan\u0131\u015fman\u0131n \u00f6nemine dikkat \u00e7ekerek, il\u00e7ede hi\u00e7bir vatanda\u015f\u0131n kendini yaln\u0131z hissetmesine izin vermeyeceklerini ifade etti. Ba\u015fkan Ar\u0131c\u0131; &#8220;So\u011fuk k\u0131\u015f aylar\u0131nda odun ihtiyac\u0131 olan vatanda\u015flara odun da\u011f\u0131t\u0131m\u0131 ger\u00e7ekle\u015ftirdik. Ko\u00e7arl\u0131\u2019da hi\u00e7 kimsenin kendini yaln\u0131z, \u00e7aresiz ve unutulmu\u015f hissetmesine izin vermeyece\u011fiz. Sosyal Hizmet Destek Ekibimizle birlikte her g\u00fcn sahaday\u0131z. \u00c7al\u0131nmad\u0131k kap\u0131 b\u0131rakm\u0131yoruz. Her zaman \u00e7\u00f6z\u00fcm \u00fcretmek i\u00e7in \u00e7al\u0131\u015f\u0131yoruz. Sosyal Hizmet Destek Ekibimiz, ile birlikte yard\u0131ma ihtiyac\u0131 olan her vatanda\u015fa ula\u015faca\u011f\u0131z&#8221; dedi.<br \/><\/p>\n","protected":false},"excerpt":{"rendered":"<p>Ko\u00e7arl\u0131 Belediyesi b\u00fcnyesinde olu\u015fturulan Sosyal Hizmet ve Destek Ekibi, il\u00e7ede ya\u015fayan ihtiya\u00e7 sahibi vatanda\u015flara s\u0131cak yemek ve odun da\u011f\u0131t\u0131m\u0131 ger\u00e7ekle\u015ftirdi. \u00c7al\u0131\u015fmalar\u0131n k\u0131\u015f boyunca devam edece\u011fi bildirildi. Ko\u00e7arl\u0131\u2019da sosyal destek \u00e7al\u0131\u015fmalar\u0131 aral\u0131ks\u0131z s\u00fcr\u00fcyor. \u0130l\u00e7ede ihtiya\u00e7 sahibi vatanda\u015flara y\u00f6nelik y\u00fcr\u00fct\u00fclen \u00e7al\u0131\u015fmalar kapsam\u0131nda, Ko\u00e7arl\u0131 Belediyesi K\u00fclt\u00fcr ve Sosyal \u0130\u015fler M\u00fcd\u00fcrl\u00fc\u011f\u00fc b\u00fcnyesinde faaliyet g\u00f6steren Sosyal Hizmet ve Destek Ekibi,&#8230;<\/p>\n","protected":false},"author":1,"featured_media":84096,"comment_status":"open","ping_status":"open","sticky":false,"template":"","format":"standard","meta":{"_crdt_document":"","footnotes":""},"categories":[1],"tags":[],"class_list":["post-84095","post","type-post","status-publish","format-standard","has-post-thumbnail","hentry","category-guncel"],"_links":{"self":[{"href":"https:\/\/www.egemtv.com\/index.php?rest_route=\/wp\/v2\/posts\/84095","targetHints":{"allow":["GET"]}}],"collection":[{"href":"https:\/\/www.egemtv.com\/index.php?rest_route=\/wp\/v2\/posts"}],"about":[{"href":"https:\/\/www.egemtv.com\/index.php?rest_route=\/wp\/v2\/types\/post"}],"author":[{"embeddable":true,"href":"https:\/\/www.egemtv.com\/index.php?rest_route=\/wp\/v2\/users\/1"}],"replies":[{"embeddable":true,"href":"https:\/\/www.egemtv.com\/index.php?rest_route=%2Fwp%2Fv2%2Fcomments&post=84095"}],"version-history":[{"count":1,"href":"https:\/\/www.egemtv.com\/index.php?rest_route=\/wp\/v2\/posts\/84095\/revisions"}],"predecessor-version":[{"id":84097,"href":"https:\/\/www.egemtv.com\/index.php?rest_route=\/wp\/v2\/posts\/84095\/revisions\/84097"}],"wp:featuredmedia":[{"embeddable":true,"href":"https:\/\/www.egemtv.com\/index.php?rest_route=\/wp\/v2\/media\/84096"}],"wp:attachment":[{"href":"https:\/\/www.egemtv.com\/index.php?rest_route=%2Fwp%2Fv2%2Fmedia&parent=84095"}],"wp:term":[{"taxonomy":"category","embeddable":true,"href":"https:\/\/www.egemtv.com\/index.php?rest_route=%2Fwp%2Fv2%2Fcategories&post=84095"},{"taxonomy":"post_tag","embeddable":true,"href":"https:\/\/www.egemtv.com\/index.php?rest_route=%2Fwp%2Fv2%2Ftags&post=84095"}],"curies":[{"name":"wp","href":"https:\/\/api.w.org\/{rel}","templated":true}]}}