{"id":84092,"date":"2026-01-30T12:54:52","date_gmt":"2026-01-30T09:54:52","guid":{"rendered":"https:\/\/www.egemtv.com\/?p=84092"},"modified":"2026-01-30T12:54:53","modified_gmt":"2026-01-30T09:54:53","slug":"baskan-tatik-almanyada-yasayan-gurbetcilerle-bir-araya-geldi","status":"publish","type":"post","link":"https:\/\/www.egemtv.com\/?p=84092","title":{"rendered":"Ba\u015fkan Tat\u0131k, Almanyada ya\u015fayan gurbet\u00e7ilerle bir araya geldi"},"content":{"rendered":"<p>Tavas Belediye Ba\u015fkan\u0131 Kadir Tat\u0131k, Almanya\u2019daki resmi temaslar\u0131 kapsam\u0131nda D\u0130T\u0130B Tuttlingen Cemiyeti, i\u015f \u00e7evreleri ve hem\u015fehrileri ziyaret ederek birlik ve beraberlik mesaj\u0131 verdi.<\/p>\n<p>Tavas Belediye Ba\u015fkan\u0131 Kadir Tat\u0131k, Almanya\u2019daki resmi temaslar\u0131 kapsam\u0131nda, 21. Geleneksel K\u0131z\u0131lcal\u0131lar K\u00fclt\u00fcr ve Dayan\u0131\u015fma Gecesi program\u0131 \u00f6ncesinde D\u0130T\u0130B Tuttlingen Cemiyeti\u2019ni, b\u00f6lgedeki i\u015f \u00e7evrelerini ve hem\u015fehrilerini ziyaret etti. Ger\u00e7ekle\u015ftirilen ziyaretlerle yurt d\u0131\u015f\u0131nda ya\u015fayan Tavasl\u0131larla g\u00f6n\u00fcl k\u00f6pr\u00fcleri g\u00fc\u00e7lendirildi. Ziyaretlere K\u0131z\u0131lca Yard\u0131m Derne\u011fi Ba\u015fkanlar\u0131 Mehmet \u015eand\u0131r ve Abdullah \u00dc\u011f\u00fcr ile dernek y\u00f6netim kurulu \u00fcyeleri de e\u015flik etti. Program kapsam\u0131nda Tavasl\u0131 i\u015f insanlar\u0131 Mehmet Arl\u0131, Mustafa Arl\u0131 ve Serkan Arl\u0131 karde\u015fler, Aydo\u011fdulu hem\u015fehri Mehmet Ermi\u015f ile K\u0131z\u0131lcal\u0131 hem\u015fehriler \u00d6mer \u00dczel, Ahmed \u0130naml\u0131ca ve \u0130sa Kat\u0131rc\u0131 i\u015f yerlerinde ziyaret edildi.<\/p>\n<p>Ayr\u0131ca K\u0131z\u0131lca Yard\u0131m Derne\u011fi Tuttlingen e.V. merkezine ger\u00e7ekle\u015ftirilen ziyarette Ba\u015fkan Tat\u0131k ve beraberindeki heyet \u00e7i\u00e7eklerle kar\u015f\u0131land\u0131. D\u0130T\u0130B Tuttlingen Merkez Camisinde yats\u0131 namaz\u0131n\u0131n ard\u0131ndan d\u00fczenlenen halk bulu\u015fmas\u0131nda yo\u011fun kat\u0131l\u0131m sa\u011fland\u0131. Cemiyet yetkilileri, i\u015f \u00e7evreleri ve vatanda\u015flarla tan\u0131\u015fma, kayna\u015fma ve isti\u015fare ortam\u0131 olu\u015furken, Ba\u015fkan Tat\u0131k g\u00fcn boyunca gurbet\u00e7i hem\u015fehrilerin ya\u015fam hik\u00e2yelerini dinlemekten ve emeklerine tan\u0131kl\u0131k etmekten duydu\u011fu memnuniyeti dile getirdi.<\/p>\n<p>Yurt d\u0131\u015f\u0131nda ya\u015fayan vatanda\u015flar\u0131n k\u00fclt\u00fcrel, sosyal ve insani katk\u0131lar\u0131n\u0131n son derece \u00f6nemli oldu\u011funu vurgulayan Ba\u015fkan Tat\u0131k, K\u0131z\u0131lca Yard\u0131m Derne\u011fi Ba\u015fkan\u0131 Mehmet \u015eand\u0131r\u2019a, D\u0130T\u0130B Tuttlingen Merkez Cami Ba\u015fkan\u0131 Bekir \u0130naml\u0131ca\u2019ya, ev sahipli\u011fi yapan kurumlara, i\u015f insanlar\u0131na ve kendilerini samimiyetle kar\u015f\u0131layan t\u00fcm hem\u015fehrilere te\u015fekk\u00fcr etti. Ba\u015fkan Tat\u0131k, 31 Ocak Cumartesi g\u00fcn\u00fc d\u00fczenlenecek 21. Geleneksel K\u0131z\u0131lcal\u0131lar K\u00fclt\u00fcr ve Dayan\u0131\u015fma Gecesi\u2019nde t\u00fcm hem\u015fehrilerle bir araya gelmeyi temenni ederek, bu anlaml\u0131 bulu\u015fmaya t\u00fcm vatanda\u015flar\u0131 davet etti.<br \/><\/p>\n","protected":false},"excerpt":{"rendered":"<p>Tavas Belediye Ba\u015fkan\u0131 Kadir Tat\u0131k, Almanya\u2019daki resmi temaslar\u0131 kapsam\u0131nda D\u0130T\u0130B Tuttlingen Cemiyeti, i\u015f \u00e7evreleri ve hem\u015fehrileri ziyaret ederek birlik ve beraberlik mesaj\u0131 verdi. Tavas Belediye Ba\u015fkan\u0131 Kadir Tat\u0131k, Almanya\u2019daki resmi temaslar\u0131 kapsam\u0131nda, 21. Geleneksel K\u0131z\u0131lcal\u0131lar K\u00fclt\u00fcr ve Dayan\u0131\u015fma Gecesi program\u0131 \u00f6ncesinde D\u0130T\u0130B Tuttlingen Cemiyeti\u2019ni, b\u00f6lgedeki i\u015f \u00e7evrelerini ve hem\u015fehrilerini ziyaret etti. Ger\u00e7ekle\u015ftirilen ziyaretlerle yurt d\u0131\u015f\u0131nda&#8230;<\/p>\n","protected":false},"author":1,"featured_media":84093,"comment_status":"open","ping_status":"open","sticky":false,"template":"","format":"standard","meta":{"_crdt_document":"","footnotes":""},"categories":[1],"tags":[],"class_list":["post-84092","post","type-post","status-publish","format-standard","has-post-thumbnail","hentry","category-guncel"],"_links":{"self":[{"href":"https:\/\/www.egemtv.com\/index.php?rest_route=\/wp\/v2\/posts\/84092","targetHints":{"allow":["GET"]}}],"collection":[{"href":"https:\/\/www.egemtv.com\/index.php?rest_route=\/wp\/v2\/posts"}],"about":[{"href":"https:\/\/www.egemtv.com\/index.php?rest_route=\/wp\/v2\/types\/post"}],"author":[{"embeddable":true,"href":"https:\/\/www.egemtv.com\/index.php?rest_route=\/wp\/v2\/users\/1"}],"replies":[{"embeddable":true,"href":"https:\/\/www.egemtv.com\/index.php?rest_route=%2Fwp%2Fv2%2Fcomments&post=84092"}],"version-history":[{"count":1,"href":"https:\/\/www.egemtv.com\/index.php?rest_route=\/wp\/v2\/posts\/84092\/revisions"}],"predecessor-version":[{"id":84094,"href":"https:\/\/www.egemtv.com\/index.php?rest_route=\/wp\/v2\/posts\/84092\/revisions\/84094"}],"wp:featuredmedia":[{"embeddable":true,"href":"https:\/\/www.egemtv.com\/index.php?rest_route=\/wp\/v2\/media\/84093"}],"wp:attachment":[{"href":"https:\/\/www.egemtv.com\/index.php?rest_route=%2Fwp%2Fv2%2Fmedia&parent=84092"}],"wp:term":[{"taxonomy":"category","embeddable":true,"href":"https:\/\/www.egemtv.com\/index.php?rest_route=%2Fwp%2Fv2%2Fcategories&post=84092"},{"taxonomy":"post_tag","embeddable":true,"href":"https:\/\/www.egemtv.com\/index.php?rest_route=%2Fwp%2Fv2%2Ftags&post=84092"}],"curies":[{"name":"wp","href":"https:\/\/api.w.org\/{rel}","templated":true}]}}