{"id":84089,"date":"2026-01-30T12:54:51","date_gmt":"2026-01-30T09:54:51","guid":{"rendered":"https:\/\/www.egemtv.com\/?p=84089"},"modified":"2026-01-30T12:54:52","modified_gmt":"2026-01-30T09:54:52","slug":"karacasuda-yasli-adam-basindan-vurulmus-halde-olu-bulundu","status":"publish","type":"post","link":"https:\/\/www.egemtv.com\/?p=84089","title":{"rendered":"Karacasu\u2019da ya\u015fl\u0131 adam ba\u015f\u0131ndan vurulmu\u015f halde \u00f6l\u00fc bulundu"},"content":{"rendered":"<p>Ayd\u0131n\u2019\u0131n Karacasu il\u00e7esinde 77 ya\u015f\u0131ndaki ya\u015fl\u0131 adam evinin yak\u0131n\u0131nda silahla ba\u015f\u0131ndan vurulmu\u015f halde \u00f6l\u00fc olarak bulundu.<\/p>\n<p>Olay, Atak\u00f6y Mahallesi K\u0131z\u0131lg\u00f6l mevkiinde meydana geldi. Edinilen bilgiye g\u00f6re, 6 \u00e7ocuk babas\u0131 77 ya\u015f\u0131ndaki Ya\u015far Dumanlar evinde bulunan t\u00fcfe\u011fi alarak evden \u00e7\u0131kt\u0131. K\u0131sa s\u00fcre sonra silah sesini duyarak evden \u00e7\u0131kan kar\u0131s\u0131 Dumanlar\u2019\u0131 ba\u015f\u0131ndan vurulmu\u015f halde buldu. 112 Acil \u00c7a\u011fr\u0131 Merkezi\u2019ne yap\u0131lan ihbar \u00fczerine b\u00f6lgeye sa\u011fl\u0131k ve jandarma ekipleri sevk edildi. Olay yerine gelen sa\u011fl\u0131k ekipleri yapt\u0131klar\u0131 kontrollerde Dumanlar\u2019\u0131n hayat\u0131n\u0131 kaybetti\u011fini tespit etti. Dumanlar\u2019\u0131n cans\u0131z bedeni olay yeri inceleme \u00e7al\u0131\u015fmalar\u0131n\u0131n ard\u0131ndan hastane morguna kald\u0131r\u0131ld\u0131. Jandarma ekipleri taraf\u0131ndan yap\u0131lan ilk incelemelere g\u00f6re Dumanlar\u2019\u0131n kendi silah\u0131 ile ya\u015fam\u0131na son verdi\u011fi ihtimali \u00fczerinde duruldu\u011fu \u00f6\u011frenildi.<\/p>\n<p>Olayla ilgili soru\u015fturma s\u00fcr\u00fcyor.<br \/><\/p>\n","protected":false},"excerpt":{"rendered":"<p>Ayd\u0131n\u2019\u0131n Karacasu il\u00e7esinde 77 ya\u015f\u0131ndaki ya\u015fl\u0131 adam evinin yak\u0131n\u0131nda silahla ba\u015f\u0131ndan vurulmu\u015f halde \u00f6l\u00fc olarak bulundu. Olay, Atak\u00f6y Mahallesi K\u0131z\u0131lg\u00f6l mevkiinde meydana geldi. Edinilen bilgiye g\u00f6re, 6 \u00e7ocuk babas\u0131 77 ya\u015f\u0131ndaki Ya\u015far Dumanlar evinde bulunan t\u00fcfe\u011fi alarak evden \u00e7\u0131kt\u0131. K\u0131sa s\u00fcre sonra silah sesini duyarak evden \u00e7\u0131kan kar\u0131s\u0131 Dumanlar\u2019\u0131 ba\u015f\u0131ndan vurulmu\u015f halde buldu. 112 Acil&#8230;<\/p>\n","protected":false},"author":1,"featured_media":84090,"comment_status":"open","ping_status":"open","sticky":false,"template":"","format":"standard","meta":{"_crdt_document":"","footnotes":""},"categories":[5],"tags":[],"class_list":["post-84089","post","type-post","status-publish","format-standard","has-post-thumbnail","hentry","category-asayis"],"_links":{"self":[{"href":"https:\/\/www.egemtv.com\/index.php?rest_route=\/wp\/v2\/posts\/84089","targetHints":{"allow":["GET"]}}],"collection":[{"href":"https:\/\/www.egemtv.com\/index.php?rest_route=\/wp\/v2\/posts"}],"about":[{"href":"https:\/\/www.egemtv.com\/index.php?rest_route=\/wp\/v2\/types\/post"}],"author":[{"embeddable":true,"href":"https:\/\/www.egemtv.com\/index.php?rest_route=\/wp\/v2\/users\/1"}],"replies":[{"embeddable":true,"href":"https:\/\/www.egemtv.com\/index.php?rest_route=%2Fwp%2Fv2%2Fcomments&post=84089"}],"version-history":[{"count":1,"href":"https:\/\/www.egemtv.com\/index.php?rest_route=\/wp\/v2\/posts\/84089\/revisions"}],"predecessor-version":[{"id":84091,"href":"https:\/\/www.egemtv.com\/index.php?rest_route=\/wp\/v2\/posts\/84089\/revisions\/84091"}],"wp:featuredmedia":[{"embeddable":true,"href":"https:\/\/www.egemtv.com\/index.php?rest_route=\/wp\/v2\/media\/84090"}],"wp:attachment":[{"href":"https:\/\/www.egemtv.com\/index.php?rest_route=%2Fwp%2Fv2%2Fmedia&parent=84089"}],"wp:term":[{"taxonomy":"category","embeddable":true,"href":"https:\/\/www.egemtv.com\/index.php?rest_route=%2Fwp%2Fv2%2Fcategories&post=84089"},{"taxonomy":"post_tag","embeddable":true,"href":"https:\/\/www.egemtv.com\/index.php?rest_route=%2Fwp%2Fv2%2Ftags&post=84089"}],"curies":[{"name":"wp","href":"https:\/\/api.w.org\/{rel}","templated":true}]}}