{"id":84086,"date":"2026-01-30T12:54:50","date_gmt":"2026-01-30T09:54:50","guid":{"rendered":"https:\/\/www.egemtv.com\/?p=84086"},"modified":"2026-01-30T12:54:51","modified_gmt":"2026-01-30T09:54:51","slug":"gordes-engelliler-derneginden-altintas-spora-destek","status":"publish","type":"post","link":"https:\/\/www.egemtv.com\/?p=84086","title":{"rendered":"G\u00f6rdes Engelliler Derne\u011fi\u2019nden Alt\u0131nta\u015f Spor\u2019a destek"},"content":{"rendered":"<p>G\u00f6rdes Engelliler Derne\u011fi Ba\u015fkan\u0131 Tayfun Ad\u0131yaman ve y\u00f6netim kurulu \u00fcyeleri, Alt\u0131nta\u015f Spor\u2019un antrenman\u0131n\u0131 ziyaret ederek, teknik heyet ve futbolculara ba\u015far\u0131lar diledi.<br \/>\n<br \/>G\u00f6rdes Engelliler Derne\u011fi Ba\u015fkan\u0131 Tayfun Ad\u0131yaman ile y\u00f6netim kurulu \u00fcyeleri \u0130smail \u00c7i\u00e7ek ve Osman \u00c7olak, G\u00f6rdes\u2019in 2023 y\u0131l\u0131nda kurulan futbol tak\u0131m\u0131 Alt\u0131nta\u015f Spor\u2019un antrenman\u0131n\u0131 ziyaret ederek, gen\u00e7 futbolculara moral verdi. Ziyaret s\u0131ras\u0131nda dernek \u00fcyeleri, Salihli grubunda m\u00fccadele edecek olan Alt\u0131nta\u015f Spor\u2019a ve sporcular\u0131na ba\u015far\u0131lar dileyerek, il\u00e7eyi temsil ederken fair-play ve centilmenlik \u00e7er\u00e7evesinde bir sezon ge\u00e7irmeleri temennisinde bulundu. Dernek Ba\u015fkan\u0131 Tayfun Ad\u0131yaman, sporun birle\u015ftirici g\u00fcc\u00fcne vurgu yaparak her zaman gen\u00e7lerin yan\u0131nda olduklar\u0131n\u0131 belirtti.<br \/>\n<br \/>Olduk\u00e7a s\u0131cak ve samimi bir ortamda ger\u00e7ekle\u015fen ziyarette Alt\u0131nta\u015f Sporlu futbolcular, ziyaretten duyduklar\u0131 memnuniyeti dile getirdi. Trib\u00fcnlerde futbol \u00f6zlemi \u00e7eken taraftarlar\u0131ndan sab\u0131r beklediklerini ifade eden gen\u00e7 sporcular, skordan \u00f6nce sahada m\u00fccadele eden ve seyir zevki y\u00fcksek bir oyun anlay\u0131\u015f\u0131n\u0131 hedeflediklerini vurgulad\u0131.<br \/><\/p>\n","protected":false},"excerpt":{"rendered":"<p>G\u00f6rdes Engelliler Derne\u011fi Ba\u015fkan\u0131 Tayfun Ad\u0131yaman ve y\u00f6netim kurulu \u00fcyeleri, Alt\u0131nta\u015f Spor\u2019un antrenman\u0131n\u0131 ziyaret ederek, teknik heyet ve futbolculara ba\u015far\u0131lar diledi. G\u00f6rdes Engelliler Derne\u011fi Ba\u015fkan\u0131 Tayfun Ad\u0131yaman ile y\u00f6netim kurulu \u00fcyeleri \u0130smail \u00c7i\u00e7ek ve Osman \u00c7olak, G\u00f6rdes\u2019in 2023 y\u0131l\u0131nda kurulan futbol tak\u0131m\u0131 Alt\u0131nta\u015f Spor\u2019un antrenman\u0131n\u0131 ziyaret ederek, gen\u00e7 futbolculara moral verdi. Ziyaret s\u0131ras\u0131nda dernek \u00fcyeleri,&#8230;<\/p>\n","protected":false},"author":1,"featured_media":84087,"comment_status":"open","ping_status":"open","sticky":false,"template":"","format":"standard","meta":{"_crdt_document":"","footnotes":""},"categories":[4],"tags":[],"class_list":["post-84086","post","type-post","status-publish","format-standard","has-post-thumbnail","hentry","category-spor"],"_links":{"self":[{"href":"https:\/\/www.egemtv.com\/index.php?rest_route=\/wp\/v2\/posts\/84086","targetHints":{"allow":["GET"]}}],"collection":[{"href":"https:\/\/www.egemtv.com\/index.php?rest_route=\/wp\/v2\/posts"}],"about":[{"href":"https:\/\/www.egemtv.com\/index.php?rest_route=\/wp\/v2\/types\/post"}],"author":[{"embeddable":true,"href":"https:\/\/www.egemtv.com\/index.php?rest_route=\/wp\/v2\/users\/1"}],"replies":[{"embeddable":true,"href":"https:\/\/www.egemtv.com\/index.php?rest_route=%2Fwp%2Fv2%2Fcomments&post=84086"}],"version-history":[{"count":1,"href":"https:\/\/www.egemtv.com\/index.php?rest_route=\/wp\/v2\/posts\/84086\/revisions"}],"predecessor-version":[{"id":84088,"href":"https:\/\/www.egemtv.com\/index.php?rest_route=\/wp\/v2\/posts\/84086\/revisions\/84088"}],"wp:featuredmedia":[{"embeddable":true,"href":"https:\/\/www.egemtv.com\/index.php?rest_route=\/wp\/v2\/media\/84087"}],"wp:attachment":[{"href":"https:\/\/www.egemtv.com\/index.php?rest_route=%2Fwp%2Fv2%2Fmedia&parent=84086"}],"wp:term":[{"taxonomy":"category","embeddable":true,"href":"https:\/\/www.egemtv.com\/index.php?rest_route=%2Fwp%2Fv2%2Fcategories&post=84086"},{"taxonomy":"post_tag","embeddable":true,"href":"https:\/\/www.egemtv.com\/index.php?rest_route=%2Fwp%2Fv2%2Ftags&post=84086"}],"curies":[{"name":"wp","href":"https:\/\/api.w.org\/{rel}","templated":true}]}}