{"id":84083,"date":"2026-01-30T12:54:49","date_gmt":"2026-01-30T09:54:49","guid":{"rendered":"https:\/\/www.egemtv.com\/?p=84083"},"modified":"2026-01-30T12:54:50","modified_gmt":"2026-01-30T09:54:50","slug":"ocak-yagislari-ikizdere-barajini-bereketlendirdi","status":"publish","type":"post","link":"https:\/\/www.egemtv.com\/?p=84083","title":{"rendered":"Ocak ya\u011f\u0131\u015flar\u0131 \u0130kizdere Baraj\u0131\u2019n\u0131 bereketlendirdi"},"content":{"rendered":"<p>Ayd\u0131n\u2019\u0131n Efeler il\u00e7esinde bulunan ve \u00e7ift\u00e7ilerin can damarlar\u0131ndan olan \u0130kizdere Baraj\u0131, yeni y\u0131l ile birlikte gelen ya\u011f\u0131\u015flarla bereketlenirken, baraj\u0131n doluluk oran\u0131 ge\u00e7en y\u0131la oranla artarak y\u00fczde 12 oldu.<\/p>\n<p>\u00c7ift\u00e7i say\u0131s\u0131 y\u00fcksek olan illerden olan Ayd\u0131n\u2019da \u00fcreticilerin merakla takip etti\u011fi barajlardaki doluluk oranlar\u0131, son ya\u011f\u0131\u015flarla birlikte art\u0131\u015f g\u00f6sterirken, Efeler il\u00e7esindeki 195 milyon metrek\u00fcp depolama hacmi olan \u0130kizdere Baraj\u0131 da bereketlendi. Ge\u00e7en y\u0131l Ocak ay\u0131nda y\u00fczde 10 olan doluluk oran\u0131 bu y\u0131l y\u00fczde 12\u2019ye y\u00fckselirken, \u00f6n\u00fcm\u00fczdeki g\u00fcnlerde etkisini s\u00fcrd\u00fcrmesi beklenen ya\u011f\u0131\u015flarla birlikte baraj\u0131n doluluk oran\u0131n\u0131n daha da artmas\u0131 bekleniyor. Ayd\u0131n ve \u00e7evre yerle\u015fim yerlerinin suyunun kar\u015f\u0131land\u0131\u011f\u0131 \u0130kizdere Baraj\u0131\u2019nda su seviyesinin y\u00fckselmesi ise adeta can suyu oldu.<\/p>\n<p>\u00d6te yandan 14 Ocak 2026 verilerine g\u00f6re Ayd\u0131n genelindeki barajlar\u0131n ortalama doluluk oran\u0131 y\u00fczde 14 olarak \u00f6l\u00e7\u00fcld\u00fc. \u0130l genelindeki 20 g\u00f6lette ise doluluk oranlar\u0131 y\u00fczde 52 olarak a\u00e7\u0131kland\u0131.<br \/><\/p>\n","protected":false},"excerpt":{"rendered":"<p>Ayd\u0131n\u2019\u0131n Efeler il\u00e7esinde bulunan ve \u00e7ift\u00e7ilerin can damarlar\u0131ndan olan \u0130kizdere Baraj\u0131, yeni y\u0131l ile birlikte gelen ya\u011f\u0131\u015flarla bereketlenirken, baraj\u0131n doluluk oran\u0131 ge\u00e7en y\u0131la oranla artarak y\u00fczde 12 oldu. \u00c7ift\u00e7i say\u0131s\u0131 y\u00fcksek olan illerden olan Ayd\u0131n\u2019da \u00fcreticilerin merakla takip etti\u011fi barajlardaki doluluk oranlar\u0131, son ya\u011f\u0131\u015flarla birlikte art\u0131\u015f g\u00f6sterirken, Efeler il\u00e7esindeki 195 milyon metrek\u00fcp depolama hacmi olan&#8230;<\/p>\n","protected":false},"author":1,"featured_media":84084,"comment_status":"open","ping_status":"open","sticky":false,"template":"","format":"standard","meta":{"_crdt_document":"","footnotes":""},"categories":[1],"tags":[],"class_list":["post-84083","post","type-post","status-publish","format-standard","has-post-thumbnail","hentry","category-guncel"],"_links":{"self":[{"href":"https:\/\/www.egemtv.com\/index.php?rest_route=\/wp\/v2\/posts\/84083","targetHints":{"allow":["GET"]}}],"collection":[{"href":"https:\/\/www.egemtv.com\/index.php?rest_route=\/wp\/v2\/posts"}],"about":[{"href":"https:\/\/www.egemtv.com\/index.php?rest_route=\/wp\/v2\/types\/post"}],"author":[{"embeddable":true,"href":"https:\/\/www.egemtv.com\/index.php?rest_route=\/wp\/v2\/users\/1"}],"replies":[{"embeddable":true,"href":"https:\/\/www.egemtv.com\/index.php?rest_route=%2Fwp%2Fv2%2Fcomments&post=84083"}],"version-history":[{"count":1,"href":"https:\/\/www.egemtv.com\/index.php?rest_route=\/wp\/v2\/posts\/84083\/revisions"}],"predecessor-version":[{"id":84085,"href":"https:\/\/www.egemtv.com\/index.php?rest_route=\/wp\/v2\/posts\/84083\/revisions\/84085"}],"wp:featuredmedia":[{"embeddable":true,"href":"https:\/\/www.egemtv.com\/index.php?rest_route=\/wp\/v2\/media\/84084"}],"wp:attachment":[{"href":"https:\/\/www.egemtv.com\/index.php?rest_route=%2Fwp%2Fv2%2Fmedia&parent=84083"}],"wp:term":[{"taxonomy":"category","embeddable":true,"href":"https:\/\/www.egemtv.com\/index.php?rest_route=%2Fwp%2Fv2%2Fcategories&post=84083"},{"taxonomy":"post_tag","embeddable":true,"href":"https:\/\/www.egemtv.com\/index.php?rest_route=%2Fwp%2Fv2%2Ftags&post=84083"}],"curies":[{"name":"wp","href":"https:\/\/api.w.org\/{rel}","templated":true}]}}