{"id":84080,"date":"2026-01-30T12:54:48","date_gmt":"2026-01-30T09:54:48","guid":{"rendered":"https:\/\/www.egemtv.com\/?p=84080"},"modified":"2026-01-30T12:54:49","modified_gmt":"2026-01-30T09:54:49","slug":"kumesten-gelen-oksuruk-sesi-44-yil-hapis-cezasi-olan-firariyi-yakalatti","status":"publish","type":"post","link":"https:\/\/www.egemtv.com\/?p=84080","title":{"rendered":"K\u00fcmesten gelen \u00f6ks\u00fcr\u00fck sesi, 44 y\u0131l hapis cezas\u0131 olan firariyi yakalatt\u0131"},"content":{"rendered":"<p>\u0130zmir\u2019in Karaba\u011flar il\u00e7esinde, hakk\u0131nda &#8220;Silahla Ya\u011fma&#8221; su\u00e7undan kesinle\u015fmi\u015f 44 y\u0131l hapis cezas\u0131 bulunan \u015fah\u0131s, sakland\u0131\u011f\u0131 tavuk k\u00fcmesinde \u00f6ks\u00fcr\u00fcnce polis ekipleri taraf\u0131ndan k\u0131sk\u0131vrak yakaland\u0131.<br \/>\n<br \/>Olay, Karaba\u011flar il\u00e7esinde meydana geldi. Edinilen bilgiye g\u00f6re, Karaba\u011flar \u0130l\u00e7e Emniyet M\u00fcd\u00fcrl\u00fc\u011f\u00fc Su\u00e7 \u00d6nleme ve Soru\u015fturma B\u00fcro Amirli\u011fi ekipleri, il genelinde aranan \u015fah\u0131slar\u0131n yakalanmas\u0131na y\u00f6nelik \u00e7al\u0131\u015fma ba\u015flatt\u0131. Yap\u0131lan teknik ve fiziki takipler sonucunda, hakk\u0131nda yakalama karar\u0131 bulunan E.A.\u2019n\u0131n (49) bir depoda sakland\u0131\u011f\u0131 tespit edildi. Harekete ge\u00e7en ekipler, belirlenen adrese operasyon d\u00fczenledi. Polis ekiplerinin depoda arama yapt\u0131\u011f\u0131 esnada, yap\u0131n\u0131n biti\u015fi\u011finde bulunan tavuk k\u00fcmesinden \u00f6ks\u00fcr\u00fck sesi geldi. Durumdan \u015f\u00fcphelenen ekipler, k\u00fcmeste yapt\u0131klar\u0131 kontrolde samanlar\u0131n aras\u0131na gizlenmi\u015f E.A.\u2019y\u0131 yakalad\u0131. G\u00f6zalt\u0131na al\u0131nan \u015fahs\u0131n yap\u0131lan UYAP sorgusunda; Adana A\u011f\u0131r Ceza \u0130lamat Masas\u0131 taraf\u0131ndan &#8220;Silahla Ya\u011fma&#8221; su\u00e7undan hakk\u0131nda kesinle\u015fmi\u015f 44 y\u0131l 7 ay hapis cezas\u0131 bulundu\u011fu ortaya \u00e7\u0131kt\u0131. Emniyetteki i\u015flemleri tamamlanan h\u00fck\u00fcml\u00fc, sevk edildi\u011fi adli makamlarca tutuklanarak cezaevine g\u00f6nderildi.<br \/><\/p>\n","protected":false},"excerpt":{"rendered":"<p>\u0130zmir\u2019in Karaba\u011flar il\u00e7esinde, hakk\u0131nda &#8220;Silahla Ya\u011fma&#8221; su\u00e7undan kesinle\u015fmi\u015f 44 y\u0131l hapis cezas\u0131 bulunan \u015fah\u0131s, sakland\u0131\u011f\u0131 tavuk k\u00fcmesinde \u00f6ks\u00fcr\u00fcnce polis ekipleri taraf\u0131ndan k\u0131sk\u0131vrak yakaland\u0131. Olay, Karaba\u011flar il\u00e7esinde meydana geldi. Edinilen bilgiye g\u00f6re, Karaba\u011flar \u0130l\u00e7e Emniyet M\u00fcd\u00fcrl\u00fc\u011f\u00fc Su\u00e7 \u00d6nleme ve Soru\u015fturma B\u00fcro Amirli\u011fi ekipleri, il genelinde aranan \u015fah\u0131slar\u0131n yakalanmas\u0131na y\u00f6nelik \u00e7al\u0131\u015fma ba\u015flatt\u0131. Yap\u0131lan teknik ve fiziki takipler&#8230;<\/p>\n","protected":false},"author":1,"featured_media":84081,"comment_status":"open","ping_status":"open","sticky":false,"template":"","format":"standard","meta":{"_crdt_document":"","footnotes":""},"categories":[5],"tags":[],"class_list":["post-84080","post","type-post","status-publish","format-standard","has-post-thumbnail","hentry","category-asayis"],"_links":{"self":[{"href":"https:\/\/www.egemtv.com\/index.php?rest_route=\/wp\/v2\/posts\/84080","targetHints":{"allow":["GET"]}}],"collection":[{"href":"https:\/\/www.egemtv.com\/index.php?rest_route=\/wp\/v2\/posts"}],"about":[{"href":"https:\/\/www.egemtv.com\/index.php?rest_route=\/wp\/v2\/types\/post"}],"author":[{"embeddable":true,"href":"https:\/\/www.egemtv.com\/index.php?rest_route=\/wp\/v2\/users\/1"}],"replies":[{"embeddable":true,"href":"https:\/\/www.egemtv.com\/index.php?rest_route=%2Fwp%2Fv2%2Fcomments&post=84080"}],"version-history":[{"count":1,"href":"https:\/\/www.egemtv.com\/index.php?rest_route=\/wp\/v2\/posts\/84080\/revisions"}],"predecessor-version":[{"id":84082,"href":"https:\/\/www.egemtv.com\/index.php?rest_route=\/wp\/v2\/posts\/84080\/revisions\/84082"}],"wp:featuredmedia":[{"embeddable":true,"href":"https:\/\/www.egemtv.com\/index.php?rest_route=\/wp\/v2\/media\/84081"}],"wp:attachment":[{"href":"https:\/\/www.egemtv.com\/index.php?rest_route=%2Fwp%2Fv2%2Fmedia&parent=84080"}],"wp:term":[{"taxonomy":"category","embeddable":true,"href":"https:\/\/www.egemtv.com\/index.php?rest_route=%2Fwp%2Fv2%2Fcategories&post=84080"},{"taxonomy":"post_tag","embeddable":true,"href":"https:\/\/www.egemtv.com\/index.php?rest_route=%2Fwp%2Fv2%2Ftags&post=84080"}],"curies":[{"name":"wp","href":"https:\/\/api.w.org\/{rel}","templated":true}]}}