{"id":84077,"date":"2026-01-30T12:35:04","date_gmt":"2026-01-30T09:35:04","guid":{"rendered":"https:\/\/www.egemtv.com\/?p=84077"},"modified":"2026-01-30T12:35:05","modified_gmt":"2026-01-30T09:35:05","slug":"aydinda-hasta-guvenligi-masaya-yatirildi","status":"publish","type":"post","link":"https:\/\/www.egemtv.com\/?p=84077","title":{"rendered":"Ayd\u0131n\u2019da hasta g\u00fcvenli\u011fi masaya yat\u0131r\u0131ld\u0131"},"content":{"rendered":"<p>Ayd\u0131n Devlet Hastanesi\u2019nde d\u00fczenlenen toplant\u0131da \u00e7al\u0131\u015fan memnuniyeti, hizmet kalitesi ve hasta g\u00fcvenli\u011fini art\u0131rmaya y\u00f6nelik uygulamalar de\u011ferlendirildi.<\/p>\n<p>Ayd\u0131n Devlet Hastanesi\u2019nde \u00c7al\u0131\u015fan Memnuniyeti Temelli Tam Kalite ve Hasta G\u00fcvenli\u011fi Bulu\u015fmas\u0131 ger\u00e7ekle\u015ftirildi. Hastane konferans salonunda d\u00fczenlenen toplant\u0131ya ba\u015fhekim ve hastane y\u00f6neticileri kat\u0131ld\u0131. Toplant\u0131da, \u00e7al\u0131\u015fanlar\u0131n g\u00f6r\u00fc\u015f ve \u00f6nerileri do\u011frultusunda kar\u015f\u0131l\u0131kl\u0131 bilgi al\u0131\u015fveri\u015fi yap\u0131larak mevcut durum ele al\u0131nd\u0131. \u00c7al\u0131\u015fan memnuniyetinin hizmet kalitesi ve hasta g\u00fcvenli\u011finin temel unsurlar\u0131ndan biri oldu\u011fu vurgulan\u0131rken, kalite standartlar\u0131 \u00fczerine de\u011ferlendirmelerde bulunuldu. Ayr\u0131ca bulu\u015fma kapsam\u0131nda g\u00fcvenli, etkin ve s\u00fcrd\u00fcr\u00fclebilir sa\u011fl\u0131k hizmeti sunumunu destekleyecek hedefler belirlenirken, bu hedefler do\u011frultusunda planlanan programlar hakk\u0131nda da isti\u015fareler ger\u00e7ekle\u015ftirildi.<br \/><\/p>\n","protected":false},"excerpt":{"rendered":"<p>Ayd\u0131n Devlet Hastanesi\u2019nde d\u00fczenlenen toplant\u0131da \u00e7al\u0131\u015fan memnuniyeti, hizmet kalitesi ve hasta g\u00fcvenli\u011fini art\u0131rmaya y\u00f6nelik uygulamalar de\u011ferlendirildi. Ayd\u0131n Devlet Hastanesi\u2019nde \u00c7al\u0131\u015fan Memnuniyeti Temelli Tam Kalite ve Hasta G\u00fcvenli\u011fi Bulu\u015fmas\u0131 ger\u00e7ekle\u015ftirildi. Hastane konferans salonunda d\u00fczenlenen toplant\u0131ya ba\u015fhekim ve hastane y\u00f6neticileri kat\u0131ld\u0131. Toplant\u0131da, \u00e7al\u0131\u015fanlar\u0131n g\u00f6r\u00fc\u015f ve \u00f6nerileri do\u011frultusunda kar\u015f\u0131l\u0131kl\u0131 bilgi al\u0131\u015fveri\u015fi yap\u0131larak mevcut durum ele al\u0131nd\u0131. \u00c7al\u0131\u015fan memnuniyetinin&#8230;<\/p>\n","protected":false},"author":1,"featured_media":84078,"comment_status":"open","ping_status":"open","sticky":false,"template":"","format":"standard","meta":{"_crdt_document":"","footnotes":""},"categories":[2],"tags":[],"class_list":["post-84077","post","type-post","status-publish","format-standard","has-post-thumbnail","hentry","category-saglik"],"_links":{"self":[{"href":"https:\/\/www.egemtv.com\/index.php?rest_route=\/wp\/v2\/posts\/84077","targetHints":{"allow":["GET"]}}],"collection":[{"href":"https:\/\/www.egemtv.com\/index.php?rest_route=\/wp\/v2\/posts"}],"about":[{"href":"https:\/\/www.egemtv.com\/index.php?rest_route=\/wp\/v2\/types\/post"}],"author":[{"embeddable":true,"href":"https:\/\/www.egemtv.com\/index.php?rest_route=\/wp\/v2\/users\/1"}],"replies":[{"embeddable":true,"href":"https:\/\/www.egemtv.com\/index.php?rest_route=%2Fwp%2Fv2%2Fcomments&post=84077"}],"version-history":[{"count":1,"href":"https:\/\/www.egemtv.com\/index.php?rest_route=\/wp\/v2\/posts\/84077\/revisions"}],"predecessor-version":[{"id":84079,"href":"https:\/\/www.egemtv.com\/index.php?rest_route=\/wp\/v2\/posts\/84077\/revisions\/84079"}],"wp:featuredmedia":[{"embeddable":true,"href":"https:\/\/www.egemtv.com\/index.php?rest_route=\/wp\/v2\/media\/84078"}],"wp:attachment":[{"href":"https:\/\/www.egemtv.com\/index.php?rest_route=%2Fwp%2Fv2%2Fmedia&parent=84077"}],"wp:term":[{"taxonomy":"category","embeddable":true,"href":"https:\/\/www.egemtv.com\/index.php?rest_route=%2Fwp%2Fv2%2Fcategories&post=84077"},{"taxonomy":"post_tag","embeddable":true,"href":"https:\/\/www.egemtv.com\/index.php?rest_route=%2Fwp%2Fv2%2Ftags&post=84077"}],"curies":[{"name":"wp","href":"https:\/\/api.w.org\/{rel}","templated":true}]}}