{"id":84074,"date":"2026-01-30T12:35:03","date_gmt":"2026-01-30T09:35:03","guid":{"rendered":"https:\/\/www.egemtv.com\/?p=84074"},"modified":"2026-01-30T12:35:04","modified_gmt":"2026-01-30T09:35:04","slug":"burhan-eser-zor-bir-karsilasma-olacak","status":"publish","type":"post","link":"https:\/\/www.egemtv.com\/?p=84074","title":{"rendered":"Burhan E\u015fer: &#8220;Zor bir kar\u015f\u0131la\u015fma olacak&#8221;"},"content":{"rendered":"<p>Bodrum FK Teknik Direkt\u00f6r\u00fc Burhan E\u015fer, Serikspor ile zorlu bir kar\u015f\u0131la\u015fma oynayacaklar\u0131n\u0131 ve 3 puanla sahadan ayr\u0131lmak istediklerini s\u00f6yledi.<br \/>\n<br \/>Bodrum FK, Trendyol 1. Lig\u2019in 23. haftas\u0131nda yar\u0131n saat 19.00\u2019da Bodrum Stadyumu\u2019nda Serikspor ile kar\u015f\u0131 kar\u015f\u0131ya gelecek. M\u00fcsabakan\u0131n haz\u0131rl\u0131klar\u0131n\u0131 s\u00fcrd\u00fcren ye\u015fil-beyazl\u0131 ekip, ge\u00e7en hafta deplasmanda Sakaryaspor kar\u015f\u0131s\u0131nda al\u0131nan galibiyetle yeniden moral buldu. Serikspor ma\u00e7\u0131 \u00f6ncesi a\u00e7\u0131klamalar yapan Bodrum FK Teknik Direkt\u00f6r\u00fc Burhan E\u015fer, Sakaryaspor galibiyetinin \u00f6nemine dikkat \u00e7ekerek, &#8220;Uzun bir aradan sonra galip gelmemiz bizim i\u00e7in \u00e7ok \u00f6nemliydi. Sakarya bu ligin k\u00f6kl\u00fc tak\u0131mlar\u0131ndan biri. Bizim i\u00e7in de bir \u00e7\u0131k\u0131\u015f ma\u00e7\u0131yd\u0131. \u0130yi haz\u0131rland\u0131k ve sahada \u00e7ok iyi bir oyun ortaya koyduk. G\u00f6rev verdi\u011fimiz t\u00fcm oyuncular forman\u0131n a\u011f\u0131rl\u0131\u011f\u0131n\u0131n ve Bodrumspor\u2019un b\u00fcy\u00fckl\u00fc\u011f\u00fcn\u00fcn fark\u0131nda olarak m\u00fccadele etti. Ma\u00e7\u0131n ba\u015f\u0131ndan sonuna kadar disiplinli ve hakim bir oyun sergiledik. 3 puanla d\u00f6nmek bizim ad\u0131m\u0131za \u00e7ok de\u011ferli bir moral oldu. Son iki deplasmanda, Pendik ve Sakarya ma\u00e7lar\u0131nda oyun ve skor anlam\u0131nda iyi bir performans sergiledik. \u0130\u00e7 sahada oynad\u0131\u011f\u0131m\u0131z Sivas ma\u00e7\u0131nda beklemedi\u011fimiz bir ma\u011flubiyet ald\u0131k ancak Sakarya\u2019da bunu telafi ettik. Lig uzun bir maraton. \u015eimdi \u00f6n\u00fcm\u00fczde Serik ma\u00e7\u0131 var. Zor bir kar\u015f\u0131la\u015fma olacak. M\u00fccadele g\u00fcc\u00fc y\u00fcksek bir tak\u0131ma kar\u015f\u0131 oynayaca\u011f\u0131z. Son haftalarda ald\u0131klar\u0131 skorlar onlar i\u00e7in de bir s\u0131k\u0131nt\u0131 ama bizim ma\u00e7\u0131 \u00e7\u0131k\u0131\u015f ma\u00e7\u0131 olarak g\u00f6recekler. M\u00fccadele g\u00fcc\u00fc y\u00fcksek olacak. Serik ma\u00e7\u0131nda taraftarlar\u0131m\u0131zla galibiyet almak istiyoruz&#8221; ifadelerini kulland\u0131.<br \/>\n<br \/>Sakatl\u0131klar ve kadro durumu hakk\u0131nda da bilgi veren E\u015fer, &#8220;Pedro, Diego ve Musah Mohammed\u2019in ufak sakatl\u0131klar\u0131 bulunuyor. Mert\u2019in de hafif bir sakatl\u0131\u011f\u0131 vard\u0131, kontroll\u00fc \u015fekilde antrenmanlara ba\u015flad\u0131. G\u00f6kdeniz ve Celal\u2019in daha uzun s\u00fcreli sakatl\u0131klar\u0131 var. Sahada olan t\u00fcm oyuncular bizim i\u00e7in de\u011ferli. Kim g\u00f6rev al\u0131rsa als\u0131n en iyisini yapacakt\u0131r. Eksiklerden ba\u011f\u0131ms\u0131z olarak sahaya \u00e7\u0131kacak 11 oyuncuyla m\u00fccadelenin i\u00e7inde olaca\u011f\u0131z. Dimitrov, Amedspor ile anla\u015ft\u0131. Transfer d\u00f6nemlerinde bu t\u00fcr hareketlilikler olabiliyor. \u015eu an daha \u00e7ok giden oyuncular g\u00fcndemde. Transfer s\u00fcreci devam ediyor ancak ben transferden \u00e7ok saha i\u00e7ine, mevcut oyuncu grubuna ve ma\u00e7a odaklanmak istiyorum&#8221; c\u00fcmlelerine yer verdi.<br \/><\/p>\n","protected":false},"excerpt":{"rendered":"<p>Bodrum FK Teknik Direkt\u00f6r\u00fc Burhan E\u015fer, Serikspor ile zorlu bir kar\u015f\u0131la\u015fma oynayacaklar\u0131n\u0131 ve 3 puanla sahadan ayr\u0131lmak istediklerini s\u00f6yledi. Bodrum FK, Trendyol 1. Lig\u2019in 23. haftas\u0131nda yar\u0131n saat 19.00\u2019da Bodrum Stadyumu\u2019nda Serikspor ile kar\u015f\u0131 kar\u015f\u0131ya gelecek. M\u00fcsabakan\u0131n haz\u0131rl\u0131klar\u0131n\u0131 s\u00fcrd\u00fcren ye\u015fil-beyazl\u0131 ekip, ge\u00e7en hafta deplasmanda Sakaryaspor kar\u015f\u0131s\u0131nda al\u0131nan galibiyetle yeniden moral buldu. Serikspor ma\u00e7\u0131 \u00f6ncesi a\u00e7\u0131klamalar&#8230;<\/p>\n","protected":false},"author":1,"featured_media":84075,"comment_status":"open","ping_status":"open","sticky":false,"template":"","format":"standard","meta":{"_crdt_document":"","footnotes":""},"categories":[4],"tags":[],"class_list":["post-84074","post","type-post","status-publish","format-standard","has-post-thumbnail","hentry","category-spor"],"_links":{"self":[{"href":"https:\/\/www.egemtv.com\/index.php?rest_route=\/wp\/v2\/posts\/84074","targetHints":{"allow":["GET"]}}],"collection":[{"href":"https:\/\/www.egemtv.com\/index.php?rest_route=\/wp\/v2\/posts"}],"about":[{"href":"https:\/\/www.egemtv.com\/index.php?rest_route=\/wp\/v2\/types\/post"}],"author":[{"embeddable":true,"href":"https:\/\/www.egemtv.com\/index.php?rest_route=\/wp\/v2\/users\/1"}],"replies":[{"embeddable":true,"href":"https:\/\/www.egemtv.com\/index.php?rest_route=%2Fwp%2Fv2%2Fcomments&post=84074"}],"version-history":[{"count":1,"href":"https:\/\/www.egemtv.com\/index.php?rest_route=\/wp\/v2\/posts\/84074\/revisions"}],"predecessor-version":[{"id":84076,"href":"https:\/\/www.egemtv.com\/index.php?rest_route=\/wp\/v2\/posts\/84074\/revisions\/84076"}],"wp:featuredmedia":[{"embeddable":true,"href":"https:\/\/www.egemtv.com\/index.php?rest_route=\/wp\/v2\/media\/84075"}],"wp:attachment":[{"href":"https:\/\/www.egemtv.com\/index.php?rest_route=%2Fwp%2Fv2%2Fmedia&parent=84074"}],"wp:term":[{"taxonomy":"category","embeddable":true,"href":"https:\/\/www.egemtv.com\/index.php?rest_route=%2Fwp%2Fv2%2Fcategories&post=84074"},{"taxonomy":"post_tag","embeddable":true,"href":"https:\/\/www.egemtv.com\/index.php?rest_route=%2Fwp%2Fv2%2Ftags&post=84074"}],"curies":[{"name":"wp","href":"https:\/\/api.w.org\/{rel}","templated":true}]}}