{"id":84071,"date":"2026-01-30T12:35:01","date_gmt":"2026-01-30T09:35:01","guid":{"rendered":"https:\/\/www.egemtv.com\/?p=84071"},"modified":"2026-01-30T12:35:02","modified_gmt":"2026-01-30T09:35:02","slug":"folklorik-kitre-bebek-sanatiyla-turkiyenin-hazinesi-oldu","status":"publish","type":"post","link":"https:\/\/www.egemtv.com\/?p=84071","title":{"rendered":"Folklorik kitre bebek sanat\u0131yla T\u00fcrkiye\u2019nin \u2018hazinesi\u2019 oldu"},"content":{"rendered":"<p>Cumhurba\u015fkan\u0131 Recep Tayyip Erdo\u011fan taraf\u0131ndan &#8220;Ya\u015fayan \u0130nsan Hazinesi&#8221; \u00f6d\u00fcl\u00fcne lay\u0131k g\u00f6r\u00fclen \u0130zmirli Emine Polat, geleneksel kitre bebek sanat\u0131n\u0131 gelecek ku\u015faklara aktarmaya \u00e7al\u0131\u015f\u0131yor.<br \/>\n<br \/>Ankara Be\u015ftepe Millet Kongre ve K\u00fclt\u00fcr Merkezi\u2019nde 20 ocakta d\u00fczenlenen K\u00fclt\u00fcr ve Turizm Bakanl\u0131\u011f\u0131 \u00d6zel \u00d6d\u00fclleri ve Ya\u015fayan \u0130nsan Hazineleri \u00d6d\u00fclleri Takdim T\u00f6reni\u2019nde, \u0130zmir\u2019de ya\u015fayan Somut Olmayan K\u00fclt\u00fcrel Miras Ta\u015f\u0131y\u0131c\u0131s\u0131 74 ya\u015f\u0131ndaki Emine Polat, folklorik kitre bebek sanat\u0131 dal\u0131nda \u00f6d\u00fcle lay\u0131k g\u00f6r\u00fcld\u00fc. T\u00fcrkiye genelinde bu unvana sahip 102 ki\u015fiden biri olan Polat, \u00f6d\u00fcl\u00fcn\u00fc Cumhurba\u015fkan\u0131 Recep Tayyip Erdo\u011fan\u2019\u0131n elinden ald\u0131. Polat, hi\u00e7 \u00f6\u011freteni olmadan kendi kendine \u00f6\u011frendi\u011fi kitre bebek sanat\u0131 ile olan ge\u00e7mi\u015fini ve bundan sonraki ama\u00e7lar\u0131n\u0131 anlatt\u0131.<\/p>\n<p>&#8220;\u00c7ok sevin\u00e7liyim, \u00e7ok mutluyum, gururluyum&#8221;<br \/>\n<br \/>Ald\u0131\u011f\u0131 \u00f6d\u00fclden dolay\u0131 \u00e7ok mutlu ve gururlu oldu\u011funu, Cumhurba\u015fkan\u0131 Erdo\u011fan\u2019\u0131n elinden \u00f6d\u00fcl alman\u0131n verdi\u011fi sevinci dile getiren Emine Polat, &#8220;\u00c7ok mutlu oldum. Herkese nasip olmayan bir \u015fey. T\u00fcrkiye\u2019de 102 ki\u015fiden biriyim. Bu beni \u00e7ok mutlu etti. Tabii ben bir y\u0131l \u00f6nce dosyam\u0131 haz\u0131rlay\u0131p \u0130zmir K\u00fclt\u00fcr M\u00fcd\u00fcrl\u00fc\u011f\u00fcne vermi\u015ftim. Ama kabul G\u00f6r\u00fcr m\u00fc, g\u00f6rmez mi? Tabi bu belli de\u011fildi. Arad\u0131klar\u0131nda \u00e7ok mutlu oldum. Ger\u00e7ekten \u00e7ok sevindim. Ayr\u0131ca yani bir cumhurba\u015fkan\u0131ndan \u00f6d\u00fcl almak herkese \u00e7ok nasip olmuyor. Bu y\u00fczden \u00e7ok sevin\u00e7liyim, \u00e7ok mutluyum, gururluyum&#8221; a\u00e7\u0131klamas\u0131nda bulundu.<\/p>\n<p>&#8220;Kendi kendime \u00f6\u011frendim&#8221;<br \/>\n<br \/>K\u0131z Meslek Lisesi mezunu oldu\u011funu ancak kitre bebek sanat\u0131n\u0131n e\u011fitimini okulda almad\u0131\u011f\u0131n\u0131 belirten Emine Polat, sanatla tan\u0131\u015fma s\u00fcrecini \u015fu s\u00f6zlerle anlatt\u0131: &#8220;Benim hi\u00e7 hocam olmad\u0131, kendi kendime \u00f6\u011frenmek zorunda kald\u0131m. 2004 y\u0131l\u0131nda bir yar\u0131\u015fma program\u0131 vard\u0131. Kurum m\u00fcd\u00fcr\u00fcm\u00fcn te\u015fvikiyle kat\u0131ld\u0131m. O d\u00f6nemde internet ve kaynak yoktu, \u00e7ok zorland\u0131m. \u0130zmir y\u00f6resinin k\u0131yafetlerini birebir yans\u0131tmak i\u00e7in Ege \u00dcniversitesi Halk Oyunlar\u0131 B\u00f6l\u00fcm\u00fc\u2019nden destek ald\u0131m. \u0130nsan v\u00fccudu \u00f6l\u00e7\u00fclerini k\u00fc\u00e7\u00fclterek kendi kal\u0131plar\u0131m\u0131 haz\u0131rlad\u0131m. \u0130lk ba\u015fta baz\u0131 teknik hatalar yapsam da j\u00fcri \u00f6zel \u00f6d\u00fcl\u00fc ve mansiyonlar kazand\u0131m.&#8221;<\/p>\n<p>15 par\u00e7al\u0131k \u2019Efe k\u0131yafeti\u2019 ya\u015fat\u0131l\u0131yor<br \/>\n<br \/>Kitre bebek sanat\u0131n\u0131n tarih\u00e7esine de\u011finen Polat, bu sanat\u0131n 1955\u2019li y\u0131llarda \u0130stanbul\u2019da bir hoca taraf\u0131ndan ba\u015flat\u0131ld\u0131\u011f\u0131n\u0131 ve sadece T\u00fcrkiye\u2019ye \u00f6zg\u00fc bir \u00e7al\u0131\u015fma oldu\u011funu vurgulad\u0131. Folklorik bebeklerin k\u00fclt\u00fcrel bir haf\u0131za ta\u015f\u0131d\u0131\u011f\u0131n\u0131 belirten Polat, &#8220;Geleneksel k\u0131yafetleri unutmamak laz\u0131m. Bir efenin \u00fczerinde 15 par\u00e7a k\u0131yafet var. Bug\u00fcn bunlar\u0131 g\u00fcnl\u00fck hayatta giymek \u00e7ok zor ama biz bebekler \u00fczerinde bu k\u00fclt\u00fcr\u00fc ya\u015fat\u0131yoruz. Bulgaristan ve Fransa gibi \u00fclkelerdeki etkinliklerde bu k\u0131yafetler ve bebekler yo\u011fun ilgi g\u00f6rd\u00fc&#8221; dedi.<\/p>\n<p>Gen\u00e7lerin ilgisi art\u0131yor<br \/>\n<br \/>Son y\u0131llarda Olgunla\u015fma Enstit\u00fcleri ve \u00fcniversitelerin g\u00fczel sanatlar b\u00f6l\u00fcmlerinin kitre bebe\u011fe olan ilgisinin artt\u0131\u011f\u0131n\u0131 ifade eden Polat, &#8220;Eskiden bu i\u015fi yapan 10-15 ki\u015fiydik ama \u015fu an say\u0131 art\u0131yor. Gen\u00e7ler s\u0131k s\u0131k aray\u0131p bilgi istiyor, ben de elimden geldi\u011fince payla\u015f\u0131yorum. Ege \u00dcniversitesi Emel Ak\u0131n Meslek Y\u00fcksekokulu\u2019nda da bir d\u00f6nem dersler verdim&#8221; \u015feklinde konu\u015ftu.<\/p>\n<p>Erzincan k\u00fclt\u00fcr\u00fcne katk\u0131<br \/>\n<br \/>K\u00fclt\u00fcr\u00fc ya\u015fatmak ad\u0131na \u00e7al\u0131\u015fmalar\u0131na devam edece\u011fini belirten Emine Polat, son olarak memleketi olan Erzincan\u2019\u0131n k\u00fclt\u00fcr\u00fcne dair bir \u00e7al\u0131\u015fma yapt\u0131\u011f\u0131n\u0131 ifade ederek, &#8220;Erzincan ketesini yapan fig\u00fcrler haz\u0131rlad\u0131m ve bunlar\u0131 sergilenmek \u00fczere Erzincan K\u00fclt\u00fcr M\u00fcd\u00fcrl\u00fc\u011f\u00fcne teslim ettim. Bu bizim k\u00fclt\u00fcr\u00fcm\u00fcz, ya\u015fatmak i\u00e7in \u00fczerime d\u00fc\u015feni yapmaya devam edece\u011fim&#8221; dedi.<br \/><\/p>\n","protected":false},"excerpt":{"rendered":"<p>Cumhurba\u015fkan\u0131 Recep Tayyip Erdo\u011fan taraf\u0131ndan &#8220;Ya\u015fayan \u0130nsan Hazinesi&#8221; \u00f6d\u00fcl\u00fcne lay\u0131k g\u00f6r\u00fclen \u0130zmirli Emine Polat, geleneksel kitre bebek sanat\u0131n\u0131 gelecek ku\u015faklara aktarmaya \u00e7al\u0131\u015f\u0131yor. Ankara Be\u015ftepe Millet Kongre ve K\u00fclt\u00fcr Merkezi\u2019nde 20 ocakta d\u00fczenlenen K\u00fclt\u00fcr ve Turizm Bakanl\u0131\u011f\u0131 \u00d6zel \u00d6d\u00fclleri ve Ya\u015fayan \u0130nsan Hazineleri \u00d6d\u00fclleri Takdim T\u00f6reni\u2019nde, \u0130zmir\u2019de ya\u015fayan Somut Olmayan K\u00fclt\u00fcrel Miras Ta\u015f\u0131y\u0131c\u0131s\u0131 74 ya\u015f\u0131ndaki Emine&#8230;<\/p>\n","protected":false},"author":1,"featured_media":84072,"comment_status":"open","ping_status":"open","sticky":false,"template":"","format":"standard","meta":{"_crdt_document":"","footnotes":""},"categories":[123],"tags":[],"class_list":["post-84071","post","type-post","status-publish","format-standard","has-post-thumbnail","hentry","category-gundem"],"_links":{"self":[{"href":"https:\/\/www.egemtv.com\/index.php?rest_route=\/wp\/v2\/posts\/84071","targetHints":{"allow":["GET"]}}],"collection":[{"href":"https:\/\/www.egemtv.com\/index.php?rest_route=\/wp\/v2\/posts"}],"about":[{"href":"https:\/\/www.egemtv.com\/index.php?rest_route=\/wp\/v2\/types\/post"}],"author":[{"embeddable":true,"href":"https:\/\/www.egemtv.com\/index.php?rest_route=\/wp\/v2\/users\/1"}],"replies":[{"embeddable":true,"href":"https:\/\/www.egemtv.com\/index.php?rest_route=%2Fwp%2Fv2%2Fcomments&post=84071"}],"version-history":[{"count":1,"href":"https:\/\/www.egemtv.com\/index.php?rest_route=\/wp\/v2\/posts\/84071\/revisions"}],"predecessor-version":[{"id":84073,"href":"https:\/\/www.egemtv.com\/index.php?rest_route=\/wp\/v2\/posts\/84071\/revisions\/84073"}],"wp:featuredmedia":[{"embeddable":true,"href":"https:\/\/www.egemtv.com\/index.php?rest_route=\/wp\/v2\/media\/84072"}],"wp:attachment":[{"href":"https:\/\/www.egemtv.com\/index.php?rest_route=%2Fwp%2Fv2%2Fmedia&parent=84071"}],"wp:term":[{"taxonomy":"category","embeddable":true,"href":"https:\/\/www.egemtv.com\/index.php?rest_route=%2Fwp%2Fv2%2Fcategories&post=84071"},{"taxonomy":"post_tag","embeddable":true,"href":"https:\/\/www.egemtv.com\/index.php?rest_route=%2Fwp%2Fv2%2Ftags&post=84071"}],"curies":[{"name":"wp","href":"https:\/\/api.w.org\/{rel}","templated":true}]}}