{"id":84065,"date":"2026-01-30T12:15:13","date_gmt":"2026-01-30T09:15:13","guid":{"rendered":"https:\/\/www.egemtv.com\/?p=84065"},"modified":"2026-01-30T12:15:13","modified_gmt":"2026-01-30T09:15:13","slug":"cocuklara-surpriz-sinema-gosterimi","status":"publish","type":"post","link":"https:\/\/www.egemtv.com\/?p=84065","title":{"rendered":"\u00c7ocuklara s\u00fcrpriz sinema g\u00f6sterimi"},"content":{"rendered":"<p>Bodrum Belediyesi, \u00e7ocuklar\u0131 yar\u0131y\u0131l tatilinde hem anneleriyle hem de arkada\u015flar\u0131yla keyifli bir g\u00fcn ge\u00e7irmeleri i\u00e7in sinema etkinli\u011finde bulu\u015fturdu.<\/p>\n<p>Bodrum Belediyesi Kad\u0131n ve Aile Hizmetleri M\u00fcd\u00fcrl\u00fc\u011f\u00fc taraf\u0131ndan, \u00e7ocuklar i\u00e7in \u00fccretsiz sinema etkinli\u011fi d\u00fczenlendi. Etkinli\u011fe P\u0131narl\u0131belen Nilg\u00fcn-Dr. Kerim Cang\u0131r \u0130lkokulu\u2019ndan 1\u2019inci, 2\u2019nci, 3\u2019\u00fcnc\u00fc ve 4\u2019\u00fcnc\u00fc s\u0131n\u0131f \u00f6\u011frencileri ile anneleri kat\u0131ld\u0131.<\/p>\n<p>Bodrum Belediyesi\u2019nin ara\u00e7lar\u0131yla P\u0131narl\u0131belen Mahallesi\u2019nden al\u0131narak sinemaya getirilen \u00f6\u011frenci ve velilerden olu\u015fan 80 ki\u015fi, &#8220;Ma\u015fa ile Koca Ay\u0131: Mucize Park\u0131&#8221; adl\u0131 \u00e7izgi filmi izledi.<\/p>\n<p>Filmin sonunda \u00f6\u011frenciler, filmi \u00e7ok be\u011fendiklerini, bol bol g\u00fcld\u00fcklerini ve arkada\u015flar\u0131yla bir arada vakit ge\u00e7irmekten b\u00fcy\u00fck keyif ald\u0131klar\u0131n\u0131 ifade etti. Veliler ise yar\u0131y\u0131l tatilinde \u00e7ocuklara y\u00f6nelik etkinlik bulman\u0131n bazen zor oldu\u011funu belirterek, \u00e7ocuklar\u0131yla birlikte keyifli bir g\u00fcn ge\u00e7irdikleri i\u00e7in Bodrum Belediyesi\u2019ne te\u015fekk\u00fcr etti.<\/p>\n<p>Etkinli\u011fe verdikleri desteklerden dolay\u0131 Sinema Salonu Yat\u0131r\u0131mc\u0131lar\u0131 Derne\u011fi (S\u0130SAY) Onursal Ba\u015fkan\u0131 Cenk Sezgin\u2019e te\u015fekk\u00fcr eden Bodrum Belediyesi Kad\u0131n ve Aile Hizmetleri M\u00fcd\u00fcr\u00fc G\u00f6zde \u00c7ak\u0131ro\u011flu \u015funlar\u0131 s\u00f6yledi:<br \/>\n<br \/>&#8220;Bodrum Belediyesi Kad\u0131n ve Aile Hizmetleri M\u00fcd\u00fcrl\u00fc\u011f\u00fc olarak, yar\u0131y\u0131l tatili kapsam\u0131nda Nilg\u00fcn-Dr. Kerim Cang\u0131r \u0130lkokulu \u00f6\u011frencilerimizle d\u00fczenledi\u011fimiz sinema g\u00f6steriminde bir araya gelmekten mutluluk duyuyoruz. Bu t\u00fcr etkinliklerle, \u00e7ocuklar\u0131m\u0131z\u0131n sosyal ve k\u00fclt\u00fcrel geli\u015fimlerine destek olmay\u0131 ve aileleriyle birlikte g\u00fczel hat\u0131ralar biriktirmelerini sa\u011flamay\u0131 ama\u00e7l\u0131yoruz. Bundan sonraki s\u00fcre\u00e7te de bu t\u00fcr etkinliklerimize devam edece\u011fiz.&#8221;<br \/><\/p>\n","protected":false},"excerpt":{"rendered":"<p>Bodrum Belediyesi, \u00e7ocuklar\u0131 yar\u0131y\u0131l tatilinde hem anneleriyle hem de arkada\u015flar\u0131yla keyifli bir g\u00fcn ge\u00e7irmeleri i\u00e7in sinema etkinli\u011finde bulu\u015fturdu. Bodrum Belediyesi Kad\u0131n ve Aile Hizmetleri M\u00fcd\u00fcrl\u00fc\u011f\u00fc taraf\u0131ndan, \u00e7ocuklar i\u00e7in \u00fccretsiz sinema etkinli\u011fi d\u00fczenlendi. Etkinli\u011fe P\u0131narl\u0131belen Nilg\u00fcn-Dr. Kerim Cang\u0131r \u0130lkokulu\u2019ndan 1\u2019inci, 2\u2019nci, 3\u2019\u00fcnc\u00fc ve 4\u2019\u00fcnc\u00fc s\u0131n\u0131f \u00f6\u011frencileri ile anneleri kat\u0131ld\u0131. Bodrum Belediyesi\u2019nin ara\u00e7lar\u0131yla P\u0131narl\u0131belen Mahallesi\u2019nden al\u0131narak sinemaya&#8230;<\/p>\n","protected":false},"author":1,"featured_media":84066,"comment_status":"open","ping_status":"open","sticky":false,"template":"","format":"standard","meta":{"_crdt_document":"","footnotes":""},"categories":[1],"tags":[],"class_list":["post-84065","post","type-post","status-publish","format-standard","has-post-thumbnail","hentry","category-guncel"],"_links":{"self":[{"href":"https:\/\/www.egemtv.com\/index.php?rest_route=\/wp\/v2\/posts\/84065","targetHints":{"allow":["GET"]}}],"collection":[{"href":"https:\/\/www.egemtv.com\/index.php?rest_route=\/wp\/v2\/posts"}],"about":[{"href":"https:\/\/www.egemtv.com\/index.php?rest_route=\/wp\/v2\/types\/post"}],"author":[{"embeddable":true,"href":"https:\/\/www.egemtv.com\/index.php?rest_route=\/wp\/v2\/users\/1"}],"replies":[{"embeddable":true,"href":"https:\/\/www.egemtv.com\/index.php?rest_route=%2Fwp%2Fv2%2Fcomments&post=84065"}],"version-history":[{"count":1,"href":"https:\/\/www.egemtv.com\/index.php?rest_route=\/wp\/v2\/posts\/84065\/revisions"}],"predecessor-version":[{"id":84067,"href":"https:\/\/www.egemtv.com\/index.php?rest_route=\/wp\/v2\/posts\/84065\/revisions\/84067"}],"wp:featuredmedia":[{"embeddable":true,"href":"https:\/\/www.egemtv.com\/index.php?rest_route=\/wp\/v2\/media\/84066"}],"wp:attachment":[{"href":"https:\/\/www.egemtv.com\/index.php?rest_route=%2Fwp%2Fv2%2Fmedia&parent=84065"}],"wp:term":[{"taxonomy":"category","embeddable":true,"href":"https:\/\/www.egemtv.com\/index.php?rest_route=%2Fwp%2Fv2%2Fcategories&post=84065"},{"taxonomy":"post_tag","embeddable":true,"href":"https:\/\/www.egemtv.com\/index.php?rest_route=%2Fwp%2Fv2%2Ftags&post=84065"}],"curies":[{"name":"wp","href":"https:\/\/api.w.org\/{rel}","templated":true}]}}