{"id":84062,"date":"2026-01-30T12:15:12","date_gmt":"2026-01-30T09:15:12","guid":{"rendered":"https:\/\/www.egemtv.com\/?p=84062"},"modified":"2026-01-30T12:15:13","modified_gmt":"2026-01-30T09:15:13","slug":"manisayi-saganak-vurdu-taskin-hasari-gun-agarinca-ortaya-cikti","status":"publish","type":"post","link":"https:\/\/www.egemtv.com\/?p=84062","title":{"rendered":"Manisa\u2019y\u0131 sa\u011fanak vurdu, ta\u015fk\u0131n hasar\u0131 g\u00fcn a\u011far\u0131nca ortaya \u00e7\u0131kt\u0131"},"content":{"rendered":"<p>Manisa\u2019da d\u00fcn ak\u015fam saatlerinde ba\u015flayan \u015fiddetli sa\u011fanak ya\u011f\u0131\u015f hayat\u0131 olumsuz etkilerken, dere ve su kanallar\u0131n\u0131n ta\u015fmas\u0131 sonucu ya\u015fanan felaketin boyutu g\u00fcn a\u011far\u0131nca ortaya \u00e7\u0131kt\u0131. \u0130zmir-Manisa \u00e7evre yolu \u00fczerindeki tar\u0131m arazileri su alt\u0131nda kal\u0131rken, dereye d\u00fc\u015fen otomobilin ise a\u011fa\u00e7lara s\u0131k\u0131\u015fm\u0131\u015f hali objektiflere yans\u0131d\u0131.<br \/>\n<br \/>Manisa il merkezinde d\u00fcn ak\u015fam saatlerinde aniden bast\u0131ran ve etkisini art\u0131ran sa\u011fanak ya\u011f\u0131\u015f, su ta\u015fk\u0131nlar\u0131na neden oldu. Aral\u0131ks\u0131z s\u00fcren ya\u011f\u0131\u015f nedeniyle ana arterlerde su birikintileri olu\u015furken, kentin i\u00e7inden ge\u00e7en \u00c7ayba\u015f\u0131 Deresi ve sulama kanallar\u0131n\u0131n debisinin y\u00fckselmesiyle ta\u015fk\u0131n meydana geldi. Spil Da\u011f\u0131 eteklerinden gelen kuvvetli sel sular\u0131, dere kenar\u0131nda park halinde bulunan bir otomobili s\u00fcr\u00fckleyerek dere yata\u011f\u0131na d\u00fc\u015f\u00fcrd\u00fc.<\/p>\n<p>G\u00fcn a\u011far\u0131nca bilan\u00e7o netle\u015fti<br \/>\n<br \/>Gecenin karanl\u0131\u011f\u0131nda ya\u015fanan ta\u015fk\u0131n\u0131n boyutu, sabah\u0131n ilk \u0131\u015f\u0131klar\u0131yla birlikte havadan ve karadan \u00e7ekilen g\u00f6r\u00fcnt\u00fclerle ortaya \u00e7\u0131kt\u0131. \u0130zmir-Manisa \u00e7evre yolu \u00e7evresinde bulunan geni\u015f tar\u0131m arazileri sular alt\u0131nda kalarak adeta g\u00f6le d\u00f6nerken, b\u00f6lgedeki bir hayvan dam\u0131 da ta\u015fk\u0131n sular\u0131ndan ciddi \u015fekilde etkilendi. D\u00fcn ak\u015fam dereye d\u00fc\u015fen otomobilin ise a\u011fa\u00e7lar\u0131n aras\u0131na s\u0131k\u0131\u015fm\u0131\u015f hali g\u00fcn y\u00fcz\u00fcne \u00e7\u0131kt\u0131. Arac\u0131n bulundu\u011fu yerden \u00e7\u0131kar\u0131lmas\u0131 i\u00e7in suyun \u015fiddetinin azalmas\u0131 bekleniyor.<br \/>\n<br \/>Ta\u015fk\u0131ndan etkilenen b\u00f6lgelerde sular\u0131n \u00e7ekilmeye ba\u015flamas\u0131yla birlikte vatanda\u015flar, ev ve i\u015f yerlerine dolan su ile \u00e7amurlar\u0131 temizlemek i\u00e7in yo\u011fun bir mesai harcad\u0131. Kendi imkanlar\u0131yla tahliye \u00e7al\u0131\u015fmas\u0131 yapan mahalle sakinlerine, Manisa B\u00fcy\u00fck\u015fehir Belediyesi afet m\u00fccadele ekipleri de destek verdi.<\/p>\n<p>&#8220;74 ya\u015f\u0131nday\u0131m b\u00f6yle bir \u015fey g\u00f6rmedim&#8221;<br \/>\n<br \/>Ya\u015fanan ta\u015fk\u0131n sonras\u0131 ev ve bah\u00e7elerinde temizlik \u00e7al\u0131\u015fmas\u0131 yapan vatanda\u015flar, kar\u015f\u0131la\u015ft\u0131klar\u0131 manzaray\u0131 dile getirdi. Vatanda\u015flardan Mustafa \u00c7avdar, \u00f6mr\u00fc boyunca b\u00f6yle bir ya\u011f\u0131\u015fa \u015fahit olmad\u0131\u011f\u0131n\u0131 belirterek, &#8220;Gece sabaha kadar ya\u011fmur ya\u011fd\u0131. Ben 74 ya\u015f\u0131nday\u0131m, bug\u00fcne kadar b\u00f6yle bir \u015fey g\u00f6rmedim. Ara\u00e7 da dere sular\u0131na kap\u0131l\u0131p s\u00fcr\u00fcklenmi\u015f, yaz\u0131k g\u00fcnah&#8221; dedi.<br \/>\n<br \/>\u00c7ayba\u015f\u0131 Deresi \u00fczerindeki k\u00f6pr\u00fcn\u00fcn yetersiz oldu\u011funu belirten \u00d6zg\u00fcr \u0130nmezler, &#8220;Bence o k\u00f6pr\u00fc zay\u0131f ve al\u00e7ak. Y\u00fckseltilmesi laz\u0131m. Kar ve ya\u011fmur ya\u011fd\u0131\u011f\u0131nda su k\u00f6pr\u00fcn\u00fcn \u00fczerine ta\u015f\u0131yor. Daha \u00f6nce de ayn\u0131s\u0131 oldu, bir \u00e7\u00f6z\u00fcm bulunmal\u0131&#8221; dedi.<\/p>\n<p>&#8220;Bah\u00e7e duvar\u0131m\u0131z y\u0131k\u0131ld\u0131, imkanlar\u0131m\u0131z k\u0131s\u0131tl\u0131&#8221;<br \/>\n<br \/>Ta\u015fk\u0131n sular\u0131n\u0131n evine ve bah\u00e7esine b\u00fcy\u00fck zarar verdi\u011fini belirten Ahmet S\u00fcr ise k\u0131s\u0131tl\u0131 imkanlarla temizlik yapmaya \u00e7al\u0131\u015ft\u0131klar\u0131n\u0131 ifade etti. S\u00fcr, &#8220;Biraz temizliyoruz, su tekrar geri geliyor. Fazla da kovam\u0131z yok, bir tane kovayla m\u00fccadele ediyoruz. Arkada bah\u00e7e duvar\u0131m\u0131z da y\u0131k\u0131ld\u0131, sel sular\u0131 her \u015feyi ovaya g\u00f6t\u00fcrd\u00fc&#8221; ifadelerini kulland\u0131.<\/p>\n<p>Manisa B\u00fcy\u00fck\u015fehir\u2019den 600 personel ve 150 ara\u00e7la m\u00fcdahale<br \/>\n<br \/>Ya\u011f\u0131\u015f\u0131n ba\u015flad\u0131\u011f\u0131 ilk andan itibaren Manisa B\u00fcy\u00fck\u015fehir Belediyesi ile Manisa Su ve Kanalizasyon \u0130daresi (MASK\u0130) Genel M\u00fcd\u00fcrl\u00fc\u011f\u00fc ekipleri tam kadro sahaya indi. Ortalaman\u0131n \u00fczerindeki ya\u011f\u0131\u015flara kar\u015f\u0131 600\u2019\u00fcn \u00fczerinde personel ve 150\u2019den fazla i\u015f makinesiyle gece boyunca temizlik ve tahliye \u00e7al\u0131\u015fmas\u0131 y\u00fcr\u00fct\u00fcld\u00fc. Ekipler, t\u0131kanan \u0131zgaralara m\u00fcdahale ederken, a\u011fa\u00e7 devrilmeleri ve su bask\u0131nlar\u0131na kar\u015f\u0131 da koordineli bir \u00e7al\u0131\u015fma sergiledi.<br \/><\/p>\n","protected":false},"excerpt":{"rendered":"<p>Manisa\u2019da d\u00fcn ak\u015fam saatlerinde ba\u015flayan \u015fiddetli sa\u011fanak ya\u011f\u0131\u015f hayat\u0131 olumsuz etkilerken, dere ve su kanallar\u0131n\u0131n ta\u015fmas\u0131 sonucu ya\u015fanan felaketin boyutu g\u00fcn a\u011far\u0131nca ortaya \u00e7\u0131kt\u0131. \u0130zmir-Manisa \u00e7evre yolu \u00fczerindeki tar\u0131m arazileri su alt\u0131nda kal\u0131rken, dereye d\u00fc\u015fen otomobilin ise a\u011fa\u00e7lara s\u0131k\u0131\u015fm\u0131\u015f hali objektiflere yans\u0131d\u0131. Manisa il merkezinde d\u00fcn ak\u015fam saatlerinde aniden bast\u0131ran ve etkisini art\u0131ran sa\u011fanak ya\u011f\u0131\u015f,&#8230;<\/p>\n","protected":false},"author":1,"featured_media":84063,"comment_status":"open","ping_status":"open","sticky":false,"template":"","format":"standard","meta":{"_crdt_document":"","footnotes":""},"categories":[5],"tags":[],"class_list":["post-84062","post","type-post","status-publish","format-standard","has-post-thumbnail","hentry","category-asayis"],"_links":{"self":[{"href":"https:\/\/www.egemtv.com\/index.php?rest_route=\/wp\/v2\/posts\/84062","targetHints":{"allow":["GET"]}}],"collection":[{"href":"https:\/\/www.egemtv.com\/index.php?rest_route=\/wp\/v2\/posts"}],"about":[{"href":"https:\/\/www.egemtv.com\/index.php?rest_route=\/wp\/v2\/types\/post"}],"author":[{"embeddable":true,"href":"https:\/\/www.egemtv.com\/index.php?rest_route=\/wp\/v2\/users\/1"}],"replies":[{"embeddable":true,"href":"https:\/\/www.egemtv.com\/index.php?rest_route=%2Fwp%2Fv2%2Fcomments&post=84062"}],"version-history":[{"count":1,"href":"https:\/\/www.egemtv.com\/index.php?rest_route=\/wp\/v2\/posts\/84062\/revisions"}],"predecessor-version":[{"id":84064,"href":"https:\/\/www.egemtv.com\/index.php?rest_route=\/wp\/v2\/posts\/84062\/revisions\/84064"}],"wp:featuredmedia":[{"embeddable":true,"href":"https:\/\/www.egemtv.com\/index.php?rest_route=\/wp\/v2\/media\/84063"}],"wp:attachment":[{"href":"https:\/\/www.egemtv.com\/index.php?rest_route=%2Fwp%2Fv2%2Fmedia&parent=84062"}],"wp:term":[{"taxonomy":"category","embeddable":true,"href":"https:\/\/www.egemtv.com\/index.php?rest_route=%2Fwp%2Fv2%2Fcategories&post=84062"},{"taxonomy":"post_tag","embeddable":true,"href":"https:\/\/www.egemtv.com\/index.php?rest_route=%2Fwp%2Fv2%2Ftags&post=84062"}],"curies":[{"name":"wp","href":"https:\/\/api.w.org\/{rel}","templated":true}]}}