{"id":84059,"date":"2026-01-30T12:15:11","date_gmt":"2026-01-30T09:15:11","guid":{"rendered":"https:\/\/www.egemtv.com\/?p=84059"},"modified":"2026-01-30T12:15:12","modified_gmt":"2026-01-30T09:15:12","slug":"alasehirde-hizmet-veren-j-plakali-ticari-arac-sayisi-380e-ulasti","status":"publish","type":"post","link":"https:\/\/www.egemtv.com\/?p=84059","title":{"rendered":"Ala\u015fehir\u2019de hizmet veren J plakal\u0131 ticari ara\u00e7 say\u0131s\u0131 380\u2019e ula\u015ft\u0131"},"content":{"rendered":"<p>Ala\u015fehir\u2019de J plakal\u0131 ticari ara\u00e7 say\u0131s\u0131 2025 y\u0131l\u0131nda 332\u2019ye y\u00fckselirken, il\u00e7ede 48 ticari taksiyle birlikte toplam 380 ticari ara\u00e7 hizmet sunuyor. \u015eof\u00f6rler Odas\u0131 Ba\u015fkan\u0131 \u015eevki A\u011f\u0131rba\u015f, ara\u00e7 say\u0131s\u0131n\u0131n n\u00fcfusa g\u00f6re yeterli oldu\u011funu belirtti.<br \/>\n<br \/>Manisa\u2019n\u0131n Ala\u015fehir il\u00e7esinde toplu ula\u015f\u0131m ve servis hizmetlerinde g\u00f6rev yapan ticari ara\u00e7 say\u0131s\u0131 her ge\u00e7en y\u0131l art\u0131yor. Ala\u015fehir \u015eof\u00f6rler ve Otomobilciler Esnaf Odas\u0131 verilerine g\u00f6re, 2024 y\u0131l\u0131nda 324 olan J plakal\u0131 ticari ara\u00e7 say\u0131s\u0131 2025 y\u0131l\u0131nda 332\u2019ye y\u00fckseldi. \u0130l\u00e7ede 14 durakta faaliyet g\u00f6steren ticari taksi say\u0131s\u0131 ise 48 olarak sabit kald\u0131. B\u00f6ylece Ala\u015fehir genelinde toplam 380 ticari ara\u00e7 vatanda\u015flara hizmet veriyor. Ala\u015fehir \u015eof\u00f6rler ve Otomobilciler Esnaf Odas\u0131 Ba\u015fkan\u0131 \u015eevki A\u011f\u0131rba\u015f, il\u00e7ede i\u015f\u00e7i servisi, yolcu ta\u015f\u0131mac\u0131l\u0131\u011f\u0131 ve servis hizmetlerinde kullan\u0131lan ara\u00e7 say\u0131s\u0131n\u0131n yeterli oldu\u011funu belirterek, &#8220;332 J plakal\u0131 ticari arac\u0131m\u0131z ve 48 ticari taksimizle vatanda\u015flar\u0131m\u0131za kesintisiz hizmet veriyoruz. N\u00fcfusumuza oranla herhangi bir s\u0131k\u0131nt\u0131 bulunmuyor&#8221; dedi.<br \/>\n<br \/>Ticari ara\u00e7lar\u0131n d\u00fczenli olarak denetlendi\u011fini ifade eden A\u011f\u0131rba\u015f, &#8220;Emniyet ve jandarma ekipleriyle i\u015f birli\u011fi i\u00e7erisinde denetimlerimizi s\u00fcrd\u00fcr\u00fcyoruz. Vatanda\u015flar\u0131m\u0131z\u0131n can ve mal g\u00fcvenli\u011fi bizim i\u00e7in \u00f6ncelik. Herkesin i\u00e7i rahat olsun&#8221; diye konu\u015ftu.<br \/>\n<br \/>2018 y\u0131l\u0131 Ocak ay\u0131nda g\u00f6reve geldi\u011fini hat\u0131rlatan A\u011f\u0131rba\u015f, bu s\u00fcre\u00e7te yap\u0131lan \u00e7al\u0131\u015fmalar\u0131 \u015f\u00f6yle s\u0131ralad\u0131: &#8220;Eski ve yetersiz hizmet binas\u0131 y\u0131k\u0131larak bodrum kat\u0131yla birlikte 7 katl\u0131 modern hizmet binas\u0131 in\u015fa edildi. Kamyoncu esnaf\u0131 i\u00e7in kamyon garaj\u0131 kuruldu, y\u00fcksek tonajl\u0131 kantar hizmete al\u0131nd\u0131. \u015eehir merkezindeki 14 taksi dura\u011f\u0131 modern ve konforlu ofislere d\u00f6n\u00fc\u015ft\u00fcr\u00fcld\u00fc. Yolda kalan \u00fcyeler i\u00e7in \u00e7ekici ve kurtar\u0131c\u0131 hizmeti ba\u015flat\u0131ld\u0131. \u00dcyelerin sa\u011fl\u0131k ihtiya\u00e7lar\u0131 i\u00e7in ambulans ve 16 adet hasta yata\u011f\u0131 temin edildi. \u00dcyelere daha ekonomik hizmet sunmak amac\u0131yla sigorta ve turizm \u015firketleri kuruldu. Amac\u0131m\u0131z para kazanmak de\u011fil, hizmet etmek. Yapt\u0131\u011f\u0131m\u0131z \u00e7al\u0131\u015fmalarla T\u00fcrkiye\u2019ye \u00f6rnek odalardan biri olmay\u0131 hedefliyoruz&#8221; dedi.<br \/><\/p>\n","protected":false},"excerpt":{"rendered":"<p>Ala\u015fehir\u2019de J plakal\u0131 ticari ara\u00e7 say\u0131s\u0131 2025 y\u0131l\u0131nda 332\u2019ye y\u00fckselirken, il\u00e7ede 48 ticari taksiyle birlikte toplam 380 ticari ara\u00e7 hizmet sunuyor. \u015eof\u00f6rler Odas\u0131 Ba\u015fkan\u0131 \u015eevki A\u011f\u0131rba\u015f, ara\u00e7 say\u0131s\u0131n\u0131n n\u00fcfusa g\u00f6re yeterli oldu\u011funu belirtti. Manisa\u2019n\u0131n Ala\u015fehir il\u00e7esinde toplu ula\u015f\u0131m ve servis hizmetlerinde g\u00f6rev yapan ticari ara\u00e7 say\u0131s\u0131 her ge\u00e7en y\u0131l art\u0131yor. Ala\u015fehir \u015eof\u00f6rler ve Otomobilciler Esnaf&#8230;<\/p>\n","protected":false},"author":1,"featured_media":84060,"comment_status":"open","ping_status":"open","sticky":false,"template":"","format":"standard","meta":{"_crdt_document":"","footnotes":""},"categories":[125],"tags":[],"class_list":["post-84059","post","type-post","status-publish","format-standard","has-post-thumbnail","hentry","category-ekonomi"],"_links":{"self":[{"href":"https:\/\/www.egemtv.com\/index.php?rest_route=\/wp\/v2\/posts\/84059","targetHints":{"allow":["GET"]}}],"collection":[{"href":"https:\/\/www.egemtv.com\/index.php?rest_route=\/wp\/v2\/posts"}],"about":[{"href":"https:\/\/www.egemtv.com\/index.php?rest_route=\/wp\/v2\/types\/post"}],"author":[{"embeddable":true,"href":"https:\/\/www.egemtv.com\/index.php?rest_route=\/wp\/v2\/users\/1"}],"replies":[{"embeddable":true,"href":"https:\/\/www.egemtv.com\/index.php?rest_route=%2Fwp%2Fv2%2Fcomments&post=84059"}],"version-history":[{"count":1,"href":"https:\/\/www.egemtv.com\/index.php?rest_route=\/wp\/v2\/posts\/84059\/revisions"}],"predecessor-version":[{"id":84061,"href":"https:\/\/www.egemtv.com\/index.php?rest_route=\/wp\/v2\/posts\/84059\/revisions\/84061"}],"wp:featuredmedia":[{"embeddable":true,"href":"https:\/\/www.egemtv.com\/index.php?rest_route=\/wp\/v2\/media\/84060"}],"wp:attachment":[{"href":"https:\/\/www.egemtv.com\/index.php?rest_route=%2Fwp%2Fv2%2Fmedia&parent=84059"}],"wp:term":[{"taxonomy":"category","embeddable":true,"href":"https:\/\/www.egemtv.com\/index.php?rest_route=%2Fwp%2Fv2%2Fcategories&post=84059"},{"taxonomy":"post_tag","embeddable":true,"href":"https:\/\/www.egemtv.com\/index.php?rest_route=%2Fwp%2Fv2%2Ftags&post=84059"}],"curies":[{"name":"wp","href":"https:\/\/api.w.org\/{rel}","templated":true}]}}