{"id":84056,"date":"2026-01-30T11:54:52","date_gmt":"2026-01-30T08:54:52","guid":{"rendered":"https:\/\/www.egemtv.com\/?p=84056"},"modified":"2026-01-30T11:54:53","modified_gmt":"2026-01-30T08:54:53","slug":"kutahyada-tarihi-caminin-cevresindeki-goruntu-kirliligi-ortadan-kaldirildi","status":"publish","type":"post","link":"https:\/\/www.egemtv.com\/?p=84056","title":{"rendered":"K\u00fctahya\u2019da tarihi caminin \u00e7evresindeki g\u00f6r\u00fcnt\u00fc kirlili\u011fi ortadan kald\u0131r\u0131ld\u0131"},"content":{"rendered":"<p>K\u00fctahya\u2019n\u0131n \u0130stiklal Mahallesi\u2019nde bulunan ve tarihi \u00f6neme sahip Ahi Evran Camii\u2019nin \u00e7evresindeki g\u00f6r\u00fcnt\u00fc kirlili\u011fi, \u0130l \u00d6zel \u0130daresi taraf\u0131ndan ger\u00e7ekle\u015ftirilen \u00e7al\u0131\u015fmalarla giderildi.<br \/>\n<br \/>K\u00fctahya Valisi Musa I\u015f\u0131n\u2019\u0131n talimatlar\u0131 do\u011frultusunda ba\u015flat\u0131lan \u00e7al\u0131\u015fmalarda, cami \u00e7evresinde uzun s\u00fcredir at\u0131l durumda bulunan ve \u00e7evre esteti\u011fini olumsuz etkileyen metruk yap\u0131lar ele al\u0131nd\u0131. Ahi Evran Camii\u2019nin \u00e7evresinin daha geni\u015f ve d\u00fczenli hale getirilmesi amac\u0131yla, 3 parsel \u00fczerinde yer alan metruk binalar \u0130l \u00d6zel \u0130daresi taraf\u0131ndan kamula\u015ft\u0131r\u0131ld\u0131.<br \/>\n<br \/>Kamula\u015ft\u0131rma s\u00fcrecinin ard\u0131ndan ba\u015flat\u0131lan y\u0131k\u0131m \u00e7al\u0131\u015fmalar\u0131 k\u0131sa s\u00fcrede tamamlan\u0131rken, b\u00f6ylece cami \u00e7evresindeki g\u00f6r\u00fcnt\u00fc kirlili\u011fi de ortadan kald\u0131r\u0131lm\u0131\u015f oldu. Yap\u0131lan d\u00fczenlemeyle birlikte, tarihi caminin \u00e7evresi daha ferah ve estetik bir g\u00f6r\u00fcn\u00fcme kavu\u015ftu.<br \/><\/p>\n","protected":false},"excerpt":{"rendered":"<p>K\u00fctahya\u2019n\u0131n \u0130stiklal Mahallesi\u2019nde bulunan ve tarihi \u00f6neme sahip Ahi Evran Camii\u2019nin \u00e7evresindeki g\u00f6r\u00fcnt\u00fc kirlili\u011fi, \u0130l \u00d6zel \u0130daresi taraf\u0131ndan ger\u00e7ekle\u015ftirilen \u00e7al\u0131\u015fmalarla giderildi. K\u00fctahya Valisi Musa I\u015f\u0131n\u2019\u0131n talimatlar\u0131 do\u011frultusunda ba\u015flat\u0131lan \u00e7al\u0131\u015fmalarda, cami \u00e7evresinde uzun s\u00fcredir at\u0131l durumda bulunan ve \u00e7evre esteti\u011fini olumsuz etkileyen metruk yap\u0131lar ele al\u0131nd\u0131. Ahi Evran Camii\u2019nin \u00e7evresinin daha geni\u015f ve d\u00fczenli hale getirilmesi&#8230;<\/p>\n","protected":false},"author":1,"featured_media":84057,"comment_status":"open","ping_status":"open","sticky":false,"template":"","format":"standard","meta":{"_crdt_document":"","footnotes":""},"categories":[1],"tags":[],"class_list":["post-84056","post","type-post","status-publish","format-standard","has-post-thumbnail","hentry","category-guncel"],"_links":{"self":[{"href":"https:\/\/www.egemtv.com\/index.php?rest_route=\/wp\/v2\/posts\/84056","targetHints":{"allow":["GET"]}}],"collection":[{"href":"https:\/\/www.egemtv.com\/index.php?rest_route=\/wp\/v2\/posts"}],"about":[{"href":"https:\/\/www.egemtv.com\/index.php?rest_route=\/wp\/v2\/types\/post"}],"author":[{"embeddable":true,"href":"https:\/\/www.egemtv.com\/index.php?rest_route=\/wp\/v2\/users\/1"}],"replies":[{"embeddable":true,"href":"https:\/\/www.egemtv.com\/index.php?rest_route=%2Fwp%2Fv2%2Fcomments&post=84056"}],"version-history":[{"count":1,"href":"https:\/\/www.egemtv.com\/index.php?rest_route=\/wp\/v2\/posts\/84056\/revisions"}],"predecessor-version":[{"id":84058,"href":"https:\/\/www.egemtv.com\/index.php?rest_route=\/wp\/v2\/posts\/84056\/revisions\/84058"}],"wp:featuredmedia":[{"embeddable":true,"href":"https:\/\/www.egemtv.com\/index.php?rest_route=\/wp\/v2\/media\/84057"}],"wp:attachment":[{"href":"https:\/\/www.egemtv.com\/index.php?rest_route=%2Fwp%2Fv2%2Fmedia&parent=84056"}],"wp:term":[{"taxonomy":"category","embeddable":true,"href":"https:\/\/www.egemtv.com\/index.php?rest_route=%2Fwp%2Fv2%2Fcategories&post=84056"},{"taxonomy":"post_tag","embeddable":true,"href":"https:\/\/www.egemtv.com\/index.php?rest_route=%2Fwp%2Fv2%2Ftags&post=84056"}],"curies":[{"name":"wp","href":"https:\/\/api.w.org\/{rel}","templated":true}]}}