{"id":84053,"date":"2026-01-30T11:34:53","date_gmt":"2026-01-30T08:34:53","guid":{"rendered":"https:\/\/www.egemtv.com\/?p=84053"},"modified":"2026-01-30T11:34:55","modified_gmt":"2026-01-30T08:34:55","slug":"ziraat-odasinin-buldanli-ciftcilere-destegi-suruyor","status":"publish","type":"post","link":"https:\/\/www.egemtv.com\/?p=84053","title":{"rendered":"Ziraat odas\u0131n\u0131n Buldanl\u0131 \u00e7ift\u00e7ilere deste\u011fi s\u00fcr\u00fcyor"},"content":{"rendered":"<p>Buldan Ziraat Odas\u0131, tar\u0131msal \u00fcretimin desteklenmesi ve \u00e7ift\u00e7ilerin ya\u015fam \u015fartlar\u0131n\u0131 iyile\u015ftirilmesi amac\u0131yla y\u00fcr\u00fctt\u00fc\u011f\u00fc \u00e7al\u0131\u015fmalar\u0131n\u0131 s\u00fcrd\u00fcr\u00fcyor.<\/p>\n<p>Buldan Ziraat Odas\u0131 Ba\u015fkan\u0131 Muammer Al, tar\u0131msal \u00fcretimin \u00fclke ekonomisi a\u00e7\u0131s\u0131ndan ta\u015f\u0131d\u0131\u011f\u0131 \u00f6neme dikkat \u00e7ekerek, \u00e7ift\u00e7ilerden gelen talepler do\u011frultusunda desteklerin devam etti\u011fini ifade etti.<br \/>\n<br \/>Ba\u015fkan Al, Yenicekent Mahallesi\u2019ne g\u00fcbre g\u00f6mme makinesi kazand\u0131rd\u0131klar\u0131n\u0131 belirterek, &#8220;Bizler tar\u0131msal \u00fcretimin \u00fclkemizin kalk\u0131nmas\u0131ndaki \u00f6neminin bilinciyle hareket ediyoruz. Bu anlay\u0131\u015fla mahallelerimizdeki \u00e7ift\u00e7ilerimizden gelen talepler do\u011frultusunda Yenicekent Mahallemize g\u00fcbre g\u00f6mme makinas\u0131 kazand\u0131rd\u0131k. &#8221; dedi.<\/p>\n<p>Ayr\u0131ca Mahmudiye, Do\u011fan, B\u00f6lmekaya, K\u0131randam\u0131, Bozalan ve D\u0131mbazlar mahallelerine sosyal ya\u015famlar\u0131nda kullanmalar\u0131 amac\u0131yla masa teslim ettiklerini kaydeden Al, &#8220;\u00c7ift\u00e7ilerimize hay\u0131rl\u0131 olmas\u0131n\u0131 temenni eder, bereketli g\u00fcnler dilerim&#8221; ifadelerini kulland\u0131.<br \/><\/p>\n","protected":false},"excerpt":{"rendered":"<p>Buldan Ziraat Odas\u0131, tar\u0131msal \u00fcretimin desteklenmesi ve \u00e7ift\u00e7ilerin ya\u015fam \u015fartlar\u0131n\u0131 iyile\u015ftirilmesi amac\u0131yla y\u00fcr\u00fctt\u00fc\u011f\u00fc \u00e7al\u0131\u015fmalar\u0131n\u0131 s\u00fcrd\u00fcr\u00fcyor. Buldan Ziraat Odas\u0131 Ba\u015fkan\u0131 Muammer Al, tar\u0131msal \u00fcretimin \u00fclke ekonomisi a\u00e7\u0131s\u0131ndan ta\u015f\u0131d\u0131\u011f\u0131 \u00f6neme dikkat \u00e7ekerek, \u00e7ift\u00e7ilerden gelen talepler do\u011frultusunda desteklerin devam etti\u011fini ifade etti. Ba\u015fkan Al, Yenicekent Mahallesi\u2019ne g\u00fcbre g\u00f6mme makinesi kazand\u0131rd\u0131klar\u0131n\u0131 belirterek, &#8220;Bizler tar\u0131msal \u00fcretimin \u00fclkemizin kalk\u0131nmas\u0131ndaki \u00f6neminin bilinciyle&#8230;<\/p>\n","protected":false},"author":1,"featured_media":84054,"comment_status":"open","ping_status":"open","sticky":false,"template":"","format":"standard","meta":{"_crdt_document":"","footnotes":""},"categories":[125],"tags":[],"class_list":["post-84053","post","type-post","status-publish","format-standard","has-post-thumbnail","hentry","category-ekonomi"],"_links":{"self":[{"href":"https:\/\/www.egemtv.com\/index.php?rest_route=\/wp\/v2\/posts\/84053","targetHints":{"allow":["GET"]}}],"collection":[{"href":"https:\/\/www.egemtv.com\/index.php?rest_route=\/wp\/v2\/posts"}],"about":[{"href":"https:\/\/www.egemtv.com\/index.php?rest_route=\/wp\/v2\/types\/post"}],"author":[{"embeddable":true,"href":"https:\/\/www.egemtv.com\/index.php?rest_route=\/wp\/v2\/users\/1"}],"replies":[{"embeddable":true,"href":"https:\/\/www.egemtv.com\/index.php?rest_route=%2Fwp%2Fv2%2Fcomments&post=84053"}],"version-history":[{"count":1,"href":"https:\/\/www.egemtv.com\/index.php?rest_route=\/wp\/v2\/posts\/84053\/revisions"}],"predecessor-version":[{"id":84055,"href":"https:\/\/www.egemtv.com\/index.php?rest_route=\/wp\/v2\/posts\/84053\/revisions\/84055"}],"wp:featuredmedia":[{"embeddable":true,"href":"https:\/\/www.egemtv.com\/index.php?rest_route=\/wp\/v2\/media\/84054"}],"wp:attachment":[{"href":"https:\/\/www.egemtv.com\/index.php?rest_route=%2Fwp%2Fv2%2Fmedia&parent=84053"}],"wp:term":[{"taxonomy":"category","embeddable":true,"href":"https:\/\/www.egemtv.com\/index.php?rest_route=%2Fwp%2Fv2%2Fcategories&post=84053"},{"taxonomy":"post_tag","embeddable":true,"href":"https:\/\/www.egemtv.com\/index.php?rest_route=%2Fwp%2Fv2%2Ftags&post=84053"}],"curies":[{"name":"wp","href":"https:\/\/api.w.org\/{rel}","templated":true}]}}