{"id":84050,"date":"2026-01-30T11:34:52","date_gmt":"2026-01-30T08:34:52","guid":{"rendered":"https:\/\/www.egemtv.com\/?p=84050"},"modified":"2026-01-30T11:34:53","modified_gmt":"2026-01-30T08:34:53","slug":"sehir-merkezinde-riskli-agaclara-sepetli-aracli-mudahale","status":"publish","type":"post","link":"https:\/\/www.egemtv.com\/?p=84050","title":{"rendered":"\u015eehir merkezinde riskli a\u011fa\u00e7lara sepetli ara\u00e7l\u0131 m\u00fcdahale"},"content":{"rendered":"<p>Tav\u015fanl\u0131 Belediyesi Park ve Bah\u00e7eler M\u00fcd\u00fcrl\u00fc\u011f\u00fc ekipleri, il\u00e7e merkezinde halk\u0131n yo\u011fun olarak kulland\u0131\u011f\u0131 park ve ye\u015fil alanlarda g\u00fcvenlik taramas\u0131 yapt\u0131. Yap\u0131lan incelemeler sonucunda, kuruyan, \u00e7\u00fcr\u00fcyen veya a\u015f\u0131r\u0131 uzayarak devrilme riski ta\u015f\u0131yan a\u011fa\u00e7 kollar\u0131 tespit edildi.<br \/>\n<br \/>Vatanda\u015flar\u0131n can ve mal g\u00fcvenli\u011fini korumak amac\u0131yla ba\u015flat\u0131lan \u00e7al\u0131\u015fmalarda, ekipler sepetli ara\u00e7lar yard\u0131m\u0131yla y\u00fcksek noktalardaki tehlikeli dallara m\u00fcdahale etti. Kesilen b\u00f6l\u00fcmler kontroll\u00fc bir \u015fekilde a\u015fa\u011f\u0131 indirilirken, \u00e7al\u0131\u015fma alanlar\u0131nda g\u00fcvenlik \u00f6nlemleri al\u0131nd\u0131.<br \/>\n<br \/>Belediye yetkilileri, \u00f6zellikle r\u00fczgarl\u0131 havalarda ya\u015fanabilecek muhtemel kazalar\u0131n \u00f6n\u00fcne ge\u00e7mek i\u00e7in bu t\u00fcr bak\u0131m \u00e7al\u0131\u015fmalar\u0131n\u0131n periyodik olarak devam edece\u011fini belirtti. Parklardaki estetik g\u00f6r\u00fcn\u00fcm\u00fcn korunmas\u0131n\u0131n yan\u0131 s\u0131ra, yaya trafi\u011finin yo\u011fun oldu\u011fu b\u00f6lgelerde a\u011fa\u00e7lar\u0131n sa\u011fl\u0131kl\u0131 bir \u015fekilde formda tutulmas\u0131n\u0131n hedeflendi\u011fi bildirildi.<br \/>\n<br \/>Budama \u00e7al\u0131\u015fmalar\u0131n\u0131n ard\u0131ndan park alanlar\u0131ndaki at\u0131klar yine belediye ekiplerince temizlenerek alanlar yeniden kullan\u0131ma a\u00e7\u0131ld\u0131.<br \/><\/p>\n","protected":false},"excerpt":{"rendered":"<p>Tav\u015fanl\u0131 Belediyesi Park ve Bah\u00e7eler M\u00fcd\u00fcrl\u00fc\u011f\u00fc ekipleri, il\u00e7e merkezinde halk\u0131n yo\u011fun olarak kulland\u0131\u011f\u0131 park ve ye\u015fil alanlarda g\u00fcvenlik taramas\u0131 yapt\u0131. Yap\u0131lan incelemeler sonucunda, kuruyan, \u00e7\u00fcr\u00fcyen veya a\u015f\u0131r\u0131 uzayarak devrilme riski ta\u015f\u0131yan a\u011fa\u00e7 kollar\u0131 tespit edildi. Vatanda\u015flar\u0131n can ve mal g\u00fcvenli\u011fini korumak amac\u0131yla ba\u015flat\u0131lan \u00e7al\u0131\u015fmalarda, ekipler sepetli ara\u00e7lar yard\u0131m\u0131yla y\u00fcksek noktalardaki tehlikeli dallara m\u00fcdahale etti. Kesilen&#8230;<\/p>\n","protected":false},"author":1,"featured_media":84051,"comment_status":"open","ping_status":"open","sticky":false,"template":"","format":"standard","meta":{"_crdt_document":"","footnotes":""},"categories":[1],"tags":[],"class_list":["post-84050","post","type-post","status-publish","format-standard","has-post-thumbnail","hentry","category-guncel"],"_links":{"self":[{"href":"https:\/\/www.egemtv.com\/index.php?rest_route=\/wp\/v2\/posts\/84050","targetHints":{"allow":["GET"]}}],"collection":[{"href":"https:\/\/www.egemtv.com\/index.php?rest_route=\/wp\/v2\/posts"}],"about":[{"href":"https:\/\/www.egemtv.com\/index.php?rest_route=\/wp\/v2\/types\/post"}],"author":[{"embeddable":true,"href":"https:\/\/www.egemtv.com\/index.php?rest_route=\/wp\/v2\/users\/1"}],"replies":[{"embeddable":true,"href":"https:\/\/www.egemtv.com\/index.php?rest_route=%2Fwp%2Fv2%2Fcomments&post=84050"}],"version-history":[{"count":1,"href":"https:\/\/www.egemtv.com\/index.php?rest_route=\/wp\/v2\/posts\/84050\/revisions"}],"predecessor-version":[{"id":84052,"href":"https:\/\/www.egemtv.com\/index.php?rest_route=\/wp\/v2\/posts\/84050\/revisions\/84052"}],"wp:featuredmedia":[{"embeddable":true,"href":"https:\/\/www.egemtv.com\/index.php?rest_route=\/wp\/v2\/media\/84051"}],"wp:attachment":[{"href":"https:\/\/www.egemtv.com\/index.php?rest_route=%2Fwp%2Fv2%2Fmedia&parent=84050"}],"wp:term":[{"taxonomy":"category","embeddable":true,"href":"https:\/\/www.egemtv.com\/index.php?rest_route=%2Fwp%2Fv2%2Fcategories&post=84050"},{"taxonomy":"post_tag","embeddable":true,"href":"https:\/\/www.egemtv.com\/index.php?rest_route=%2Fwp%2Fv2%2Ftags&post=84050"}],"curies":[{"name":"wp","href":"https:\/\/api.w.org\/{rel}","templated":true}]}}