{"id":84047,"date":"2026-01-30T11:15:39","date_gmt":"2026-01-30T08:15:39","guid":{"rendered":"https:\/\/www.egemtv.com\/?p=84047"},"modified":"2026-01-30T11:15:41","modified_gmt":"2026-01-30T08:15:41","slug":"ciftciler-tarsim-konusunda-bilgilendirildi","status":"publish","type":"post","link":"https:\/\/www.egemtv.com\/?p=84047","title":{"rendered":"\u00c7ift\u00e7iler TARS\u0130M konusunda bilgilendirildi"},"content":{"rendered":"<p>Afyonkarahisar\u2019\u0131n 6 il\u00e7esinde \u00e7ift\u00e7ilere y\u00f6nelik Tar\u0131m Sigortalar\u0131 Havuz \u0130\u015fletmesi (TARS\u0130M) bilgilendirme toplant\u0131s\u0131 ger\u00e7ekle\u015ftirildi.<br \/>\n<br \/>Toplant\u0131 Afyonkarahisar \u0130l Tar\u0131m ve Orman M\u00fcd\u00fcrl\u00fc\u011f\u00fc ile TARS\u0130M Konya B\u00f6lge M\u00fcd\u00fcrl\u00fc\u011f\u00fc i\u015f birli\u011finde yap\u0131ld\u0131. Ger\u00e7ekle\u015ftirilen toplant\u0131n\u0131n ard\u0131ndan yap\u0131lan yaz\u0131l\u0131 a\u00e7\u0131klamada, &#8220;Her y\u0131l d\u00fczenli olarak ger\u00e7ekle\u015ftirdi\u011fimiz TARS\u0130M bilgilendirme toplant\u0131lar\u0131 \u00e7er\u00e7evesinde Bolvadin, Emirda\u011f, Sand\u0131kl\u0131, \u015euhut, Sultanda\u011f\u0131 ve \u00c7ay il\u00e7elerimizde \u00fcreticilerimizle bir araya geldik. Toplant\u0131larda yeni TARS\u0130M uygulamalar\u0131, devlet destekli tar\u0131m sigortalar\u0131, hasar ihbar\u0131 ve eksper s\u00fcre\u00e7leri, prim destekleri ile risklere kar\u015f\u0131 korunma konular\u0131nda konu uzmanlar\u0131 taraf\u0131ndan bilgilendirme yap\u0131larak \u00fcreticilerimizin sorular\u0131 cevapland\u0131&#8221; ifadelerine yer verildi.<br \/><\/p>\n","protected":false},"excerpt":{"rendered":"<p>Afyonkarahisar\u2019\u0131n 6 il\u00e7esinde \u00e7ift\u00e7ilere y\u00f6nelik Tar\u0131m Sigortalar\u0131 Havuz \u0130\u015fletmesi (TARS\u0130M) bilgilendirme toplant\u0131s\u0131 ger\u00e7ekle\u015ftirildi. Toplant\u0131 Afyonkarahisar \u0130l Tar\u0131m ve Orman M\u00fcd\u00fcrl\u00fc\u011f\u00fc ile TARS\u0130M Konya B\u00f6lge M\u00fcd\u00fcrl\u00fc\u011f\u00fc i\u015f birli\u011finde yap\u0131ld\u0131. Ger\u00e7ekle\u015ftirilen toplant\u0131n\u0131n ard\u0131ndan yap\u0131lan yaz\u0131l\u0131 a\u00e7\u0131klamada, &#8220;Her y\u0131l d\u00fczenli olarak ger\u00e7ekle\u015ftirdi\u011fimiz TARS\u0130M bilgilendirme toplant\u0131lar\u0131 \u00e7er\u00e7evesinde Bolvadin, Emirda\u011f, Sand\u0131kl\u0131, \u015euhut, Sultanda\u011f\u0131 ve \u00c7ay il\u00e7elerimizde \u00fcreticilerimizle bir araya geldik&#8230;.<\/p>\n","protected":false},"author":1,"featured_media":84048,"comment_status":"open","ping_status":"open","sticky":false,"template":"","format":"standard","meta":{"_crdt_document":"","footnotes":""},"categories":[1],"tags":[],"class_list":["post-84047","post","type-post","status-publish","format-standard","has-post-thumbnail","hentry","category-guncel"],"_links":{"self":[{"href":"https:\/\/www.egemtv.com\/index.php?rest_route=\/wp\/v2\/posts\/84047","targetHints":{"allow":["GET"]}}],"collection":[{"href":"https:\/\/www.egemtv.com\/index.php?rest_route=\/wp\/v2\/posts"}],"about":[{"href":"https:\/\/www.egemtv.com\/index.php?rest_route=\/wp\/v2\/types\/post"}],"author":[{"embeddable":true,"href":"https:\/\/www.egemtv.com\/index.php?rest_route=\/wp\/v2\/users\/1"}],"replies":[{"embeddable":true,"href":"https:\/\/www.egemtv.com\/index.php?rest_route=%2Fwp%2Fv2%2Fcomments&post=84047"}],"version-history":[{"count":1,"href":"https:\/\/www.egemtv.com\/index.php?rest_route=\/wp\/v2\/posts\/84047\/revisions"}],"predecessor-version":[{"id":84049,"href":"https:\/\/www.egemtv.com\/index.php?rest_route=\/wp\/v2\/posts\/84047\/revisions\/84049"}],"wp:featuredmedia":[{"embeddable":true,"href":"https:\/\/www.egemtv.com\/index.php?rest_route=\/wp\/v2\/media\/84048"}],"wp:attachment":[{"href":"https:\/\/www.egemtv.com\/index.php?rest_route=%2Fwp%2Fv2%2Fmedia&parent=84047"}],"wp:term":[{"taxonomy":"category","embeddable":true,"href":"https:\/\/www.egemtv.com\/index.php?rest_route=%2Fwp%2Fv2%2Fcategories&post=84047"},{"taxonomy":"post_tag","embeddable":true,"href":"https:\/\/www.egemtv.com\/index.php?rest_route=%2Fwp%2Fv2%2Ftags&post=84047"}],"curies":[{"name":"wp","href":"https:\/\/api.w.org\/{rel}","templated":true}]}}