{"id":84044,"date":"2026-01-30T11:15:37","date_gmt":"2026-01-30T08:15:37","guid":{"rendered":"https:\/\/www.egemtv.com\/?p=84044"},"modified":"2026-01-30T11:15:38","modified_gmt":"2026-01-30T08:15:38","slug":"sarampole-giren-minibuste-2-kisi-yaralandi","status":"publish","type":"post","link":"https:\/\/www.egemtv.com\/?p=84044","title":{"rendered":"\u015earampole giren minib\u00fcste 2 ki\u015fi yaraland\u0131"},"content":{"rendered":"<p>Afyonkarahisar\u2019da meydana gelen trafik kazas\u0131nda kayarak yoldan \u00e7\u0131kan ve \u015farampole devrilen minib\u00fcste 2 ki\u015fi yaraland\u0131.<br \/>\n<br \/>Kaza, Dinar-\u00c7ay il\u00e7e karayolu \u00fczeri Karaadilli beldesi yak\u0131nlar\u0131nda meydana geldi. Edinilen bilgilere g\u00f6re, 06 EA 2355 plakal\u0131 minib\u00fcs ya\u011fmurdan dolay\u0131 kayganla\u015fan yolda kontrolden \u00e7\u0131karak \u015farampole girdi. Kazada ara\u00e7ta bulunan 2 ki\u015fi ara\u00e7 i\u00e7erisinde s\u0131k\u0131\u015farak yaraland\u0131. Yaral\u0131lar kaza sonras\u0131 b\u00f6lgeye gelen itfaiye ekipleri taraf\u0131ndan s\u0131k\u0131\u015ft\u0131klar\u0131 yerden \u00e7\u0131kar\u0131larak hastaneye kald\u0131r\u0131ld\u0131.<br \/>\n<br \/>Kazan\u0131n ard\u0131ndan jandarma taraf\u0131ndan inceleme ba\u015flat\u0131ld\u0131.<br \/><\/p>\n","protected":false},"excerpt":{"rendered":"<p>Afyonkarahisar\u2019da meydana gelen trafik kazas\u0131nda kayarak yoldan \u00e7\u0131kan ve \u015farampole devrilen minib\u00fcste 2 ki\u015fi yaraland\u0131. Kaza, Dinar-\u00c7ay il\u00e7e karayolu \u00fczeri Karaadilli beldesi yak\u0131nlar\u0131nda meydana geldi. Edinilen bilgilere g\u00f6re, 06 EA 2355 plakal\u0131 minib\u00fcs ya\u011fmurdan dolay\u0131 kayganla\u015fan yolda kontrolden \u00e7\u0131karak \u015farampole girdi. Kazada ara\u00e7ta bulunan 2 ki\u015fi ara\u00e7 i\u00e7erisinde s\u0131k\u0131\u015farak yaraland\u0131. Yaral\u0131lar kaza sonras\u0131 b\u00f6lgeye gelen&#8230;<\/p>\n","protected":false},"author":1,"featured_media":84045,"comment_status":"open","ping_status":"open","sticky":false,"template":"","format":"standard","meta":{"_crdt_document":"","footnotes":""},"categories":[5],"tags":[],"class_list":["post-84044","post","type-post","status-publish","format-standard","has-post-thumbnail","hentry","category-asayis"],"_links":{"self":[{"href":"https:\/\/www.egemtv.com\/index.php?rest_route=\/wp\/v2\/posts\/84044","targetHints":{"allow":["GET"]}}],"collection":[{"href":"https:\/\/www.egemtv.com\/index.php?rest_route=\/wp\/v2\/posts"}],"about":[{"href":"https:\/\/www.egemtv.com\/index.php?rest_route=\/wp\/v2\/types\/post"}],"author":[{"embeddable":true,"href":"https:\/\/www.egemtv.com\/index.php?rest_route=\/wp\/v2\/users\/1"}],"replies":[{"embeddable":true,"href":"https:\/\/www.egemtv.com\/index.php?rest_route=%2Fwp%2Fv2%2Fcomments&post=84044"}],"version-history":[{"count":1,"href":"https:\/\/www.egemtv.com\/index.php?rest_route=\/wp\/v2\/posts\/84044\/revisions"}],"predecessor-version":[{"id":84046,"href":"https:\/\/www.egemtv.com\/index.php?rest_route=\/wp\/v2\/posts\/84044\/revisions\/84046"}],"wp:featuredmedia":[{"embeddable":true,"href":"https:\/\/www.egemtv.com\/index.php?rest_route=\/wp\/v2\/media\/84045"}],"wp:attachment":[{"href":"https:\/\/www.egemtv.com\/index.php?rest_route=%2Fwp%2Fv2%2Fmedia&parent=84044"}],"wp:term":[{"taxonomy":"category","embeddable":true,"href":"https:\/\/www.egemtv.com\/index.php?rest_route=%2Fwp%2Fv2%2Fcategories&post=84044"},{"taxonomy":"post_tag","embeddable":true,"href":"https:\/\/www.egemtv.com\/index.php?rest_route=%2Fwp%2Fv2%2Ftags&post=84044"}],"curies":[{"name":"wp","href":"https:\/\/api.w.org\/{rel}","templated":true}]}}