{"id":84041,"date":"2026-01-30T11:15:35","date_gmt":"2026-01-30T08:15:35","guid":{"rendered":"https:\/\/www.egemtv.com\/?p=84041"},"modified":"2026-01-30T11:15:36","modified_gmt":"2026-01-30T08:15:36","slug":"kaymakam-abay-sampiyonlar-ile-bir-araya-geldi","status":"publish","type":"post","link":"https:\/\/www.egemtv.com\/?p=84041","title":{"rendered":"Kaymakam Abay, \u015fampiyonlar ile bir araya geldi"},"content":{"rendered":"<p>\u0130ncirliova Gen\u00e7lik ve Spor \u0130l\u00e7e M\u00fcd\u00fcr\u00fc Burak Uygun, U20 Atletizm T\u00fcrkiye \u015eampiyonas\u0131\u2019nda 60 metre engelli bran\u015f\u0131nda T\u00fcrkiye \u015fampiyonu olan \u00d6yk\u00fc Ceylin Tekdal ile Ahmet Melek Komple Atlet Kupas\u0131 U20 kategorisinde birincilik elde eden Tuana Akg\u00fcn, \u0130ncirliova Kaymakam\u0131 \u0130lhan Abay\u2019\u0131 makam\u0131nda ziyaret etti.<\/p>\n<p>Ziyarette elde edilen ba\u015far\u0131lar hakk\u0131nda bilgi veren Gen\u00e7lik ve Spor \u0130l\u00e7e M\u00fcd\u00fcr\u00fc Burak Uygun, sporcular\u0131n disiplinli \u00e7al\u0131\u015fmalar\u0131 ve azimleriyle \u00f6nemli dereceler elde etti\u011fini ifade etti. Kaymakam \u0130lhan Abay da gen\u00e7 sporcular\u0131 tebrik ederek, ba\u015far\u0131lar\u0131n hem \u0130ncirliova hem de T\u00fcrk sporu ad\u0131na gurur verici oldu\u011funu belirtti. Kaymakam Abay, sporun gen\u00e7lerin fiziksel ve zihinsel geli\u015fiminde \u00f6nemli bir rol oynad\u0131\u011f\u0131n\u0131 vurgulayarak, sporculara ve eme\u011fi ge\u00e7en antren\u00f6rlere te\u015fekk\u00fcr etti, ba\u015far\u0131lar\u0131n\u0131n devam\u0131n\u0131 diledi.<br \/><\/p>\n","protected":false},"excerpt":{"rendered":"<p>\u0130ncirliova Gen\u00e7lik ve Spor \u0130l\u00e7e M\u00fcd\u00fcr\u00fc Burak Uygun, U20 Atletizm T\u00fcrkiye \u015eampiyonas\u0131\u2019nda 60 metre engelli bran\u015f\u0131nda T\u00fcrkiye \u015fampiyonu olan \u00d6yk\u00fc Ceylin Tekdal ile Ahmet Melek Komple Atlet Kupas\u0131 U20 kategorisinde birincilik elde eden Tuana Akg\u00fcn, \u0130ncirliova Kaymakam\u0131 \u0130lhan Abay\u2019\u0131 makam\u0131nda ziyaret etti. Ziyarette elde edilen ba\u015far\u0131lar hakk\u0131nda bilgi veren Gen\u00e7lik ve Spor \u0130l\u00e7e M\u00fcd\u00fcr\u00fc Burak&#8230;<\/p>\n","protected":false},"author":1,"featured_media":84042,"comment_status":"open","ping_status":"open","sticky":false,"template":"","format":"standard","meta":{"_crdt_document":"","footnotes":""},"categories":[4],"tags":[],"class_list":["post-84041","post","type-post","status-publish","format-standard","has-post-thumbnail","hentry","category-spor"],"_links":{"self":[{"href":"https:\/\/www.egemtv.com\/index.php?rest_route=\/wp\/v2\/posts\/84041","targetHints":{"allow":["GET"]}}],"collection":[{"href":"https:\/\/www.egemtv.com\/index.php?rest_route=\/wp\/v2\/posts"}],"about":[{"href":"https:\/\/www.egemtv.com\/index.php?rest_route=\/wp\/v2\/types\/post"}],"author":[{"embeddable":true,"href":"https:\/\/www.egemtv.com\/index.php?rest_route=\/wp\/v2\/users\/1"}],"replies":[{"embeddable":true,"href":"https:\/\/www.egemtv.com\/index.php?rest_route=%2Fwp%2Fv2%2Fcomments&post=84041"}],"version-history":[{"count":1,"href":"https:\/\/www.egemtv.com\/index.php?rest_route=\/wp\/v2\/posts\/84041\/revisions"}],"predecessor-version":[{"id":84043,"href":"https:\/\/www.egemtv.com\/index.php?rest_route=\/wp\/v2\/posts\/84041\/revisions\/84043"}],"wp:featuredmedia":[{"embeddable":true,"href":"https:\/\/www.egemtv.com\/index.php?rest_route=\/wp\/v2\/media\/84042"}],"wp:attachment":[{"href":"https:\/\/www.egemtv.com\/index.php?rest_route=%2Fwp%2Fv2%2Fmedia&parent=84041"}],"wp:term":[{"taxonomy":"category","embeddable":true,"href":"https:\/\/www.egemtv.com\/index.php?rest_route=%2Fwp%2Fv2%2Fcategories&post=84041"},{"taxonomy":"post_tag","embeddable":true,"href":"https:\/\/www.egemtv.com\/index.php?rest_route=%2Fwp%2Fv2%2Ftags&post=84041"}],"curies":[{"name":"wp","href":"https:\/\/api.w.org\/{rel}","templated":true}]}}