{"id":84038,"date":"2026-01-30T11:15:32","date_gmt":"2026-01-30T08:15:32","guid":{"rendered":"https:\/\/www.egemtv.com\/?p=84038"},"modified":"2026-01-30T11:15:34","modified_gmt":"2026-01-30T08:15:34","slug":"baskan-ozel-haydere-mahallesinde-vatandaslarla-bir-araya-geldi","status":"publish","type":"post","link":"https:\/\/www.egemtv.com\/?p=84038","title":{"rendered":"Ba\u015fkan \u00d6zel, Haydere Mahallesi\u2019nde vatanda\u015flarla bir araya geldi"},"content":{"rendered":"<p>Bozdo\u011fan Belediye Ba\u015fkan\u0131 Mustafa Galip \u00d6zel, Haydere Mahallesi\u2019nde vatanda\u015flarla bir araya geldi.<br \/>\n<br \/>Mahalle sakinlerinin talep ve \u00f6nerilerini yerinde dinleyen Ba\u015fkan \u00d6zel, her zaman halk\u0131n i\u00e7inde olduklar\u0131n\u0131 ve \u00e7\u00f6z\u00fcm odakl\u0131 anlay\u0131\u015fla \u00e7al\u0131\u015fmaya devam edeceklerini ifade etti.<br \/>\n<br \/>Haydere Mahallesi ziyareti kapsam\u0131nda, annesini ebediyete u\u011furlayan Bozdo\u011fan Belediye Meclis \u00dcyesi Adnan S\u00fcnger\u2019e taziye ziyaretinde bulunularak ba\u015fsa\u011fl\u0131\u011f\u0131 dilekleri iletildi.<br \/>\n<br \/>Programda ayr\u0131ca, vatani g\u00f6revini yapmak \u00fczere askere gidecek olan Ediz K\u00f6seo\u011flu\u2019na Ba\u015fkan \u00d6zel taraf\u0131ndan Kur\u2019an-\u0131 Kerim ve T\u00fcrk Bayra\u011f\u0131 takdim edilerek hay\u0131rl\u0131 tezkereler dilendi.<br \/>\n<br \/>Ziyaretin ard\u0131ndan a\u00e7\u0131klamada bulunan Ba\u015fkan \u00d6zel, birlik ve dayan\u0131\u015fma vurgusu yaparak, Bozdo\u011fan\u2019da halkla i\u00e7 i\u00e7e, samimi ve vatanda\u015f odakl\u0131 belediyecilik anlay\u0131\u015f\u0131n\u0131 kararl\u0131l\u0131kla s\u00fcrd\u00fcreceklerini belirtti.<br \/><\/p>\n","protected":false},"excerpt":{"rendered":"<p>Bozdo\u011fan Belediye Ba\u015fkan\u0131 Mustafa Galip \u00d6zel, Haydere Mahallesi\u2019nde vatanda\u015flarla bir araya geldi. Mahalle sakinlerinin talep ve \u00f6nerilerini yerinde dinleyen Ba\u015fkan \u00d6zel, her zaman halk\u0131n i\u00e7inde olduklar\u0131n\u0131 ve \u00e7\u00f6z\u00fcm odakl\u0131 anlay\u0131\u015fla \u00e7al\u0131\u015fmaya devam edeceklerini ifade etti. Haydere Mahallesi ziyareti kapsam\u0131nda, annesini ebediyete u\u011furlayan Bozdo\u011fan Belediye Meclis \u00dcyesi Adnan S\u00fcnger\u2019e taziye ziyaretinde bulunularak ba\u015fsa\u011fl\u0131\u011f\u0131 dilekleri iletildi. Programda&#8230;<\/p>\n","protected":false},"author":1,"featured_media":84039,"comment_status":"open","ping_status":"open","sticky":false,"template":"","format":"standard","meta":{"_crdt_document":"","footnotes":""},"categories":[1],"tags":[],"class_list":["post-84038","post","type-post","status-publish","format-standard","has-post-thumbnail","hentry","category-guncel"],"_links":{"self":[{"href":"https:\/\/www.egemtv.com\/index.php?rest_route=\/wp\/v2\/posts\/84038","targetHints":{"allow":["GET"]}}],"collection":[{"href":"https:\/\/www.egemtv.com\/index.php?rest_route=\/wp\/v2\/posts"}],"about":[{"href":"https:\/\/www.egemtv.com\/index.php?rest_route=\/wp\/v2\/types\/post"}],"author":[{"embeddable":true,"href":"https:\/\/www.egemtv.com\/index.php?rest_route=\/wp\/v2\/users\/1"}],"replies":[{"embeddable":true,"href":"https:\/\/www.egemtv.com\/index.php?rest_route=%2Fwp%2Fv2%2Fcomments&post=84038"}],"version-history":[{"count":1,"href":"https:\/\/www.egemtv.com\/index.php?rest_route=\/wp\/v2\/posts\/84038\/revisions"}],"predecessor-version":[{"id":84040,"href":"https:\/\/www.egemtv.com\/index.php?rest_route=\/wp\/v2\/posts\/84038\/revisions\/84040"}],"wp:featuredmedia":[{"embeddable":true,"href":"https:\/\/www.egemtv.com\/index.php?rest_route=\/wp\/v2\/media\/84039"}],"wp:attachment":[{"href":"https:\/\/www.egemtv.com\/index.php?rest_route=%2Fwp%2Fv2%2Fmedia&parent=84038"}],"wp:term":[{"taxonomy":"category","embeddable":true,"href":"https:\/\/www.egemtv.com\/index.php?rest_route=%2Fwp%2Fv2%2Fcategories&post=84038"},{"taxonomy":"post_tag","embeddable":true,"href":"https:\/\/www.egemtv.com\/index.php?rest_route=%2Fwp%2Fv2%2Ftags&post=84038"}],"curies":[{"name":"wp","href":"https:\/\/api.w.org\/{rel}","templated":true}]}}