{"id":84035,"date":"2026-01-30T11:15:27","date_gmt":"2026-01-30T08:15:27","guid":{"rendered":"https:\/\/www.egemtv.com\/?p=84035"},"modified":"2026-01-30T11:15:31","modified_gmt":"2026-01-30T08:15:31","slug":"incirliova-belediyesinden-ailelere-yakacak-destegi","status":"publish","type":"post","link":"https:\/\/www.egemtv.com\/?p=84035","title":{"rendered":"\u0130ncirliova Belediyesi\u2019nden ailelere yakacak deste\u011fi"},"content":{"rendered":"<p>\u0130ncirliova Belediye Ba\u015fkan\u0131 Aytekin Kaya, il\u00e7ede her y\u0131l k\u0131\u015f d\u00fczenli olarak devam ettirdi\u011fi yakacak deste\u011fi uygulamas\u0131n\u0131 bu y\u0131l da s\u00fcrd\u00fcrd\u00fc.<br \/>\n<br \/>Ba\u015fkan Kaya\u2019n\u0131n talimatlar\u0131 do\u011frultusunda belediye ekipleri il\u00e7ede 7 bin \u00e7uval odunun da\u011f\u0131t\u0131m\u0131n\u0131 tamamlad\u0131. K\u0131\u015f mevsiminin sonuna kadar 15 bin \u00e7uval\u0131n \u00fczerinde yakacak deste\u011fi ihtiya\u00e7 sahibi vatanda\u015flara ula\u015ft\u0131r\u0131lacak.<br \/>\n<br \/>Fiziki belediyecilik hizmetlerinin yan\u0131 s\u0131ra yapt\u0131\u011f\u0131 sosyal belediyecilik \u00e7al\u0131\u015fmalar\u0131yla da \u0130ncirlioval\u0131 vatanda\u015flar\u0131n yan\u0131nda olan \u0130ncirliova Belediyesi, il\u00e7enin \u00f6z kaynaklar\u0131n\u0131 kullanarak ger\u00e7ekle\u015ftirdi\u011fi yakacak deste\u011fini s\u00fcrd\u00fcr\u00fcyor. \u0130l\u00e7ede yap\u0131lan budama \u00e7al\u0131\u015fmalar\u0131ndan elde edilen a\u011fa\u00e7 par\u00e7alar\u0131 ihtiya\u00e7 sahibi vatanda\u015flar i\u00e7in yakacak deste\u011fine d\u00f6n\u00fc\u015f\u00fcyor. Sosyal Hizmetler Birimi taraf\u0131ndan tespit edilen ailelere desteklerin ula\u015ft\u0131r\u0131lmas\u0131 i\u00e7in ekipler sahada yo\u011fun \u015fekilde \u00e7al\u0131\u015fmalar\u0131n\u0131 s\u00fcrd\u00fcr\u00fcyor.<br \/>\n<br \/>Ba\u015fkan Kaya, yakacak desteklerine ili\u015fkin yapt\u0131\u011f\u0131 a\u00e7\u0131klamada, &#8220;Her y\u0131l k\u0131\u015f aylar\u0131nda aksatmadan s\u00fcrd\u00fcrd\u00fc\u011f\u00fcm\u00fcz yakacak deste\u011fi uygulamam\u0131z\u0131 bu y\u0131l da kararl\u0131l\u0131kla devam ettiriyoruz. K\u0131\u015f aylar\u0131nda \u00f6zellikle ihtiya\u00e7 sahibi hem\u015fehrilerimizin yan\u0131nda olmak, onlar\u0131n y\u00fck\u00fcn\u00fc bir nebze de olsa hafifletmek bizim en \u00f6nemli sorumluluklar\u0131m\u0131zdan biri. Bu anlay\u0131\u015fla; \u0130ncirliovam\u0131z\u0131n \u00f6z kaynaklar\u0131n\u0131 en verimli \u015fekilde de\u011ferlendirerek, a\u011fa\u00e7 budama d\u00f6nemlerinde elde edilen odunlar\u0131 yakacak deste\u011fi olarak vatanda\u015flar\u0131m\u0131za ula\u015ft\u0131r\u0131yoruz. Sosyal Hizmetler Birimimiz taraf\u0131ndan tespit edilen ailelere desteklerin zaman\u0131nda ula\u015ft\u0131r\u0131lmas\u0131 i\u00e7in ekiplerimiz sahada yo\u011fun bir \u00e7al\u0131\u015fma y\u00fcr\u00fct\u00fcyor. Yakacak desteklerimizle k\u0131\u015f mevsimi boyunca hem\u015fehrilerimizin yan\u0131nda olmaya devam edece\u011fiz&#8221; dedi.<br \/><\/p>\n","protected":false},"excerpt":{"rendered":"<p>\u0130ncirliova Belediye Ba\u015fkan\u0131 Aytekin Kaya, il\u00e7ede her y\u0131l k\u0131\u015f d\u00fczenli olarak devam ettirdi\u011fi yakacak deste\u011fi uygulamas\u0131n\u0131 bu y\u0131l da s\u00fcrd\u00fcrd\u00fc. Ba\u015fkan Kaya\u2019n\u0131n talimatlar\u0131 do\u011frultusunda belediye ekipleri il\u00e7ede 7 bin \u00e7uval odunun da\u011f\u0131t\u0131m\u0131n\u0131 tamamlad\u0131. K\u0131\u015f mevsiminin sonuna kadar 15 bin \u00e7uval\u0131n \u00fczerinde yakacak deste\u011fi ihtiya\u00e7 sahibi vatanda\u015flara ula\u015ft\u0131r\u0131lacak. Fiziki belediyecilik hizmetlerinin yan\u0131 s\u0131ra yapt\u0131\u011f\u0131 sosyal belediyecilik&#8230;<\/p>\n","protected":false},"author":1,"featured_media":84036,"comment_status":"open","ping_status":"open","sticky":false,"template":"","format":"standard","meta":{"_crdt_document":"","footnotes":""},"categories":[1],"tags":[],"class_list":["post-84035","post","type-post","status-publish","format-standard","has-post-thumbnail","hentry","category-guncel"],"_links":{"self":[{"href":"https:\/\/www.egemtv.com\/index.php?rest_route=\/wp\/v2\/posts\/84035","targetHints":{"allow":["GET"]}}],"collection":[{"href":"https:\/\/www.egemtv.com\/index.php?rest_route=\/wp\/v2\/posts"}],"about":[{"href":"https:\/\/www.egemtv.com\/index.php?rest_route=\/wp\/v2\/types\/post"}],"author":[{"embeddable":true,"href":"https:\/\/www.egemtv.com\/index.php?rest_route=\/wp\/v2\/users\/1"}],"replies":[{"embeddable":true,"href":"https:\/\/www.egemtv.com\/index.php?rest_route=%2Fwp%2Fv2%2Fcomments&post=84035"}],"version-history":[{"count":1,"href":"https:\/\/www.egemtv.com\/index.php?rest_route=\/wp\/v2\/posts\/84035\/revisions"}],"predecessor-version":[{"id":84037,"href":"https:\/\/www.egemtv.com\/index.php?rest_route=\/wp\/v2\/posts\/84035\/revisions\/84037"}],"wp:featuredmedia":[{"embeddable":true,"href":"https:\/\/www.egemtv.com\/index.php?rest_route=\/wp\/v2\/media\/84036"}],"wp:attachment":[{"href":"https:\/\/www.egemtv.com\/index.php?rest_route=%2Fwp%2Fv2%2Fmedia&parent=84035"}],"wp:term":[{"taxonomy":"category","embeddable":true,"href":"https:\/\/www.egemtv.com\/index.php?rest_route=%2Fwp%2Fv2%2Fcategories&post=84035"},{"taxonomy":"post_tag","embeddable":true,"href":"https:\/\/www.egemtv.com\/index.php?rest_route=%2Fwp%2Fv2%2Ftags&post=84035"}],"curies":[{"name":"wp","href":"https:\/\/api.w.org\/{rel}","templated":true}]}}