{"id":84032,"date":"2026-01-30T10:54:46","date_gmt":"2026-01-30T07:54:46","guid":{"rendered":"https:\/\/www.egemtv.com\/?p=84032"},"modified":"2026-01-30T10:54:48","modified_gmt":"2026-01-30T07:54:48","slug":"manisada-buyuksehir-ve-maskiden-saganak-yagisa-etkin-mudahale","status":"publish","type":"post","link":"https:\/\/www.egemtv.com\/?p=84032","title":{"rendered":"Manisa\u2019da b\u00fcy\u00fck\u015fehir ve MASK\u0130\u2019den sa\u011fanak ya\u011f\u0131\u015fa etkin m\u00fcdahale"},"content":{"rendered":"<p>Manisa\u2019da etkili olan sa\u011fanak ya\u011f\u0131\u015fa kar\u015f\u0131 Manisa B\u00fcy\u00fck\u015fehir Belediyesi ile MASK\u0130 Genel M\u00fcd\u00fcrl\u00fc\u011f\u00fc ekipleri t\u00fcm imkanlar\u0131yla sahaya indi. 600\u2019\u00fcn \u00fczerinde personel ve 150\u2019den fazla ara\u00e7la y\u00fcr\u00fct\u00fclen \u00e7al\u0131\u015fmalar sayesinde ya\u015fanabilecek afetlerin \u00f6n\u00fcne ge\u00e7ildi.<br \/>\n<br \/>Manisa\u2019da etkili olan sa\u011fanak ya\u011f\u0131\u015f\u0131n ard\u0131ndan Manisa B\u00fcy\u00fck\u015fehir Belediyesi ile Manisa Su ve Kanalizasyon \u0130daresi (MASK\u0130) Genel M\u00fcd\u00fcrl\u00fc\u011f\u00fc ekipleri, ya\u015fanabilecek bir afetin \u00f6n\u00fcne ge\u00e7mek amac\u0131yla t\u00fcm ekipleriyle sahaya indi. Ortalaman\u0131n \u00fczerinde ger\u00e7ekle\u015fen ya\u011f\u0131\u015flara kar\u015f\u0131 600\u2019\u00fcn \u00fczerinde personel ile 150\u2019den fazla ara\u00e7 ve i\u015f makinesiyle yo\u011fun bir \u00e7al\u0131\u015fma y\u00fcr\u00fct\u00fcld\u00fc.<br \/>\n<br \/>Ya\u011f\u0131\u015f\u0131n ba\u015flad\u0131\u011f\u0131 ilk andan itibaren vatanda\u015flar\u0131n ma\u011fduriyet ya\u015famamas\u0131 i\u00e7in sahadaki ekip say\u0131s\u0131n\u0131 art\u0131ran B\u00fcy\u00fck\u015fehir Belediyesi ve MASK\u0130 ekipleri, ya\u011fmur suyu \u0131zgaralar\u0131n\u0131n t\u0131kanmamas\u0131 ve su tahliyesinin sa\u011fl\u0131kl\u0131 bir \u015fekilde yap\u0131labilmesi i\u00e7in koordineli temizlik \u00e7al\u0131\u015fmalar\u0131 ger\u00e7ekle\u015ftirdi. Ekipler ayr\u0131ca a\u011fa\u00e7 devrilmeleri, su bask\u0131nlar\u0131, ta\u015fk\u0131nlar ve ula\u015f\u0131m\u0131 olumsuz etkileyebilecek risklere kar\u015f\u0131 da an\u0131nda m\u00fcdahalede bulundu.<br \/>\n<br \/>Zor durumda kalan vatanda\u015flar\u0131n yard\u0131m\u0131na ko\u015fan ekipler, sahadaki olumsuzluklar\u0131 gidermek i\u00e7in gece boyunca \u00e7al\u0131\u015fmalar\u0131n\u0131 s\u00fcrd\u00fcrd\u00fc.<\/p>\n<p>&#8220;Vatanda\u015flar\u0131m\u0131z\u0131n taleplerine cevap vermeye devam ediyoruz&#8221;<br \/>\n<br \/>\u00c7al\u0131\u015fmalar\u0131 yak\u0131ndan takip eden Manisa B\u00fcy\u00fck\u015fehir Belediye Ba\u015fkan\u0131 Besim Dutlulu, ya\u011f\u0131\u015flar sonras\u0131 DS\u0130 kanallar\u0131 ve baz\u0131 derelerin ta\u015ft\u0131\u011f\u0131n\u0131 belirterek, ciddi bir afetin ekiplerin zaman\u0131nda ve etkin m\u00fcdahalesiyle atlat\u0131ld\u0131\u011f\u0131n\u0131 ifade etti.<br \/>\n<br \/>Ba\u015fkan Dutlulu, &#8220;Ya\u011f\u0131\u015flar\u0131n ba\u015flad\u0131\u011f\u0131 ilk andan itibaren 600\u2019\u00fcn \u00fczerinde personelimiz ve 150\u2019den fazla ara\u00e7 ve i\u015f makinemizle sahaya indik. Belediyemize ula\u015fan t\u00fcm hem\u015fehrilerimizin taleplerine gece boyunca aral\u0131ks\u0131z cevap verdik. Rabbim \u015fehrimizi ve \u00fclkemizi daha b\u00fcy\u00fck afetlerden korusun. Manisa\u2019m\u0131za ge\u00e7mi\u015f olsun&#8221; dedi.<\/p>\n<p>Kanalizasyon hatlar\u0131nda yo\u011fun temizlik<br \/>\n<br \/>MASK\u0130 ekipleri, ya\u011fmur suyu ve kanalizasyon hatlar\u0131nda ak\u0131\u015f\u0131 engelleyen \u00e7\u00f6p ve at\u0131klar\u0131 temizleyerek su bask\u0131n\u0131 riskini en aza indirdi. Bir yandan temizlik \u00e7al\u0131\u015fmalar\u0131n\u0131 s\u00fcrd\u00fcren ekipler, di\u011fer yandan vatanda\u015flardan gelen ihbarlara da h\u0131zl\u0131 \u015fekilde m\u00fcdahale etmeye devam ediyor.<\/p>\n<p>Vatanda\u015flar\u0131n ma\u011fduriyetleri giderilecek<br \/>\n<br \/>Ya\u011f\u0131\u015f durumuna g\u00f6re \u00e7al\u0131\u015fmalar\u0131n artarak s\u00fcrece\u011fi belirtilirken, vatanda\u015flar\u0131n olumsuzluklara kar\u015f\u0131 MASK\u0130 ALO 185, ALO 153 \u00c7\u00f6z\u00fcm Merkezi, belediyenin sosyal medya hesaplar\u0131 ve 444 99 45 numaral\u0131 WhatsApp hatt\u0131 \u00fczerinden ihbarda bulunabilecekleri bildirildi. Gelen ihbarlar saha ekiplerine y\u00f6nlendirilerek k\u0131sa s\u00fcrede m\u00fcdahale ediliyor.<br \/>\n<br \/>Ya\u011f\u0131\u015f nedeniyle evlerinde hasar olu\u015fan vatanda\u015flar\u0131n zararlar\u0131n\u0131n ise yap\u0131lacak hasar tespit \u00e7al\u0131\u015fmalar\u0131n\u0131n ard\u0131ndan sa\u011flanacak nakdi destekle kar\u015f\u0131lanaca\u011f\u0131 ifade edildi.<br \/><\/p>\n","protected":false},"excerpt":{"rendered":"<p>Manisa\u2019da etkili olan sa\u011fanak ya\u011f\u0131\u015fa kar\u015f\u0131 Manisa B\u00fcy\u00fck\u015fehir Belediyesi ile MASK\u0130 Genel M\u00fcd\u00fcrl\u00fc\u011f\u00fc ekipleri t\u00fcm imkanlar\u0131yla sahaya indi. 600\u2019\u00fcn \u00fczerinde personel ve 150\u2019den fazla ara\u00e7la y\u00fcr\u00fct\u00fclen \u00e7al\u0131\u015fmalar sayesinde ya\u015fanabilecek afetlerin \u00f6n\u00fcne ge\u00e7ildi. Manisa\u2019da etkili olan sa\u011fanak ya\u011f\u0131\u015f\u0131n ard\u0131ndan Manisa B\u00fcy\u00fck\u015fehir Belediyesi ile Manisa Su ve Kanalizasyon \u0130daresi (MASK\u0130) Genel M\u00fcd\u00fcrl\u00fc\u011f\u00fc ekipleri, ya\u015fanabilecek bir afetin \u00f6n\u00fcne&#8230;<\/p>\n","protected":false},"author":1,"featured_media":84033,"comment_status":"open","ping_status":"open","sticky":false,"template":"","format":"standard","meta":{"_crdt_document":"","footnotes":""},"categories":[5],"tags":[],"class_list":["post-84032","post","type-post","status-publish","format-standard","has-post-thumbnail","hentry","category-asayis"],"_links":{"self":[{"href":"https:\/\/www.egemtv.com\/index.php?rest_route=\/wp\/v2\/posts\/84032","targetHints":{"allow":["GET"]}}],"collection":[{"href":"https:\/\/www.egemtv.com\/index.php?rest_route=\/wp\/v2\/posts"}],"about":[{"href":"https:\/\/www.egemtv.com\/index.php?rest_route=\/wp\/v2\/types\/post"}],"author":[{"embeddable":true,"href":"https:\/\/www.egemtv.com\/index.php?rest_route=\/wp\/v2\/users\/1"}],"replies":[{"embeddable":true,"href":"https:\/\/www.egemtv.com\/index.php?rest_route=%2Fwp%2Fv2%2Fcomments&post=84032"}],"version-history":[{"count":1,"href":"https:\/\/www.egemtv.com\/index.php?rest_route=\/wp\/v2\/posts\/84032\/revisions"}],"predecessor-version":[{"id":84034,"href":"https:\/\/www.egemtv.com\/index.php?rest_route=\/wp\/v2\/posts\/84032\/revisions\/84034"}],"wp:featuredmedia":[{"embeddable":true,"href":"https:\/\/www.egemtv.com\/index.php?rest_route=\/wp\/v2\/media\/84033"}],"wp:attachment":[{"href":"https:\/\/www.egemtv.com\/index.php?rest_route=%2Fwp%2Fv2%2Fmedia&parent=84032"}],"wp:term":[{"taxonomy":"category","embeddable":true,"href":"https:\/\/www.egemtv.com\/index.php?rest_route=%2Fwp%2Fv2%2Fcategories&post=84032"},{"taxonomy":"post_tag","embeddable":true,"href":"https:\/\/www.egemtv.com\/index.php?rest_route=%2Fwp%2Fv2%2Ftags&post=84032"}],"curies":[{"name":"wp","href":"https:\/\/api.w.org\/{rel}","templated":true}]}}