{"id":84029,"date":"2026-01-30T10:35:00","date_gmt":"2026-01-30T07:35:00","guid":{"rendered":"https:\/\/www.egemtv.com\/?p=84029"},"modified":"2026-01-30T10:35:01","modified_gmt":"2026-01-30T07:35:01","slug":"denizlide-firtina-agaclari-devirdi-catilari-ucurdu","status":"publish","type":"post","link":"https:\/\/www.egemtv.com\/?p=84029","title":{"rendered":"Denizli\u2019de f\u0131rt\u0131na a\u011fa\u00e7lar\u0131 devirdi, \u00e7at\u0131lar\u0131 u\u00e7urdu"},"content":{"rendered":"<p>Meteoroloji\u2019nin kuvvetli r\u00fczgar uyar\u0131s\u0131n\u0131n ard\u0131ndan Denizli\u2019de ak\u015fam saatlerinden itibaren etkili olan \u015fiddetli r\u00fczgar, kent merkezinde a\u011fa\u00e7 devrilmelerine ve \u00e7at\u0131 u\u00e7malar\u0131na neden oldu. L\u00fcks bir arac\u0131n \u00fczerine d\u00fc\u015fen a\u011fa\u00e7 maddi hasara yol a\u00e7t\u0131.<\/p>\n<p>Meteoroloji Genel M\u00fcd\u00fcrl\u00fc\u011f\u00fc\u2019n\u00fcn d\u00fcn gece Denizli i\u00e7in yapt\u0131\u011f\u0131 kuvvetli r\u00fczgar uyar\u0131s\u0131n\u0131n ard\u0131ndan kentte ak\u015fam saatlerinden itibaren etkisini art\u0131ran \u015fiddetli r\u00fczgar, hayat\u0131 olumsuz etkiledi. \u00d6zellikle kent merkezinde bir\u00e7ok noktada a\u011fa\u00e7lar devrilirken, baz\u0131 binalar\u0131n \u00e7at\u0131lar\u0131 r\u00fczgar\u0131n etkisiyle yerinden koparak \u00e7evreye savruldu. Devrilen a\u011fa\u00e7lardan biri park halindeki l\u00fcks bir otomobilin \u00fczerine d\u00fc\u015ferek ara\u00e7ta maddi hasara neden olurken, bir evin \u00e7at\u0131s\u0131 ise u\u00e7arak kom\u015fu evin bah\u00e7esine d\u00fc\u015ft\u00fc. Ara ara \u015fiddetini bir hayli artt\u0131ran r\u00fczgar vatanda\u015flar\u0131n y\u00fcr\u00fcmesini dahi zorla\u015ft\u0131rd\u0131. Kuvvetli r\u00fczgar, kap\u0131 \u00f6nlerinde bulunan \u00e7\u00f6p kovalar\u0131 ile baz\u0131 i\u015fletmelerin giri\u015flerine koydu\u011fu tabelalar\u0131 da u\u00e7urdu. Kentte yayg\u0131n olarak kullan\u0131lan balkon perdelerinin bir\u00e7o\u011fu hasar g\u00f6rd\u00fc.<br \/><\/p>\n","protected":false},"excerpt":{"rendered":"<p>Meteoroloji\u2019nin kuvvetli r\u00fczgar uyar\u0131s\u0131n\u0131n ard\u0131ndan Denizli\u2019de ak\u015fam saatlerinden itibaren etkili olan \u015fiddetli r\u00fczgar, kent merkezinde a\u011fa\u00e7 devrilmelerine ve \u00e7at\u0131 u\u00e7malar\u0131na neden oldu. L\u00fcks bir arac\u0131n \u00fczerine d\u00fc\u015fen a\u011fa\u00e7 maddi hasara yol a\u00e7t\u0131. Meteoroloji Genel M\u00fcd\u00fcrl\u00fc\u011f\u00fc\u2019n\u00fcn d\u00fcn gece Denizli i\u00e7in yapt\u0131\u011f\u0131 kuvvetli r\u00fczgar uyar\u0131s\u0131n\u0131n ard\u0131ndan kentte ak\u015fam saatlerinden itibaren etkisini art\u0131ran \u015fiddetli r\u00fczgar, hayat\u0131 olumsuz etkiledi&#8230;.<\/p>\n","protected":false},"author":1,"featured_media":84030,"comment_status":"open","ping_status":"open","sticky":false,"template":"","format":"standard","meta":{"_crdt_document":"","footnotes":""},"categories":[5],"tags":[],"class_list":["post-84029","post","type-post","status-publish","format-standard","has-post-thumbnail","hentry","category-asayis"],"_links":{"self":[{"href":"https:\/\/www.egemtv.com\/index.php?rest_route=\/wp\/v2\/posts\/84029","targetHints":{"allow":["GET"]}}],"collection":[{"href":"https:\/\/www.egemtv.com\/index.php?rest_route=\/wp\/v2\/posts"}],"about":[{"href":"https:\/\/www.egemtv.com\/index.php?rest_route=\/wp\/v2\/types\/post"}],"author":[{"embeddable":true,"href":"https:\/\/www.egemtv.com\/index.php?rest_route=\/wp\/v2\/users\/1"}],"replies":[{"embeddable":true,"href":"https:\/\/www.egemtv.com\/index.php?rest_route=%2Fwp%2Fv2%2Fcomments&post=84029"}],"version-history":[{"count":1,"href":"https:\/\/www.egemtv.com\/index.php?rest_route=\/wp\/v2\/posts\/84029\/revisions"}],"predecessor-version":[{"id":84031,"href":"https:\/\/www.egemtv.com\/index.php?rest_route=\/wp\/v2\/posts\/84029\/revisions\/84031"}],"wp:featuredmedia":[{"embeddable":true,"href":"https:\/\/www.egemtv.com\/index.php?rest_route=\/wp\/v2\/media\/84030"}],"wp:attachment":[{"href":"https:\/\/www.egemtv.com\/index.php?rest_route=%2Fwp%2Fv2%2Fmedia&parent=84029"}],"wp:term":[{"taxonomy":"category","embeddable":true,"href":"https:\/\/www.egemtv.com\/index.php?rest_route=%2Fwp%2Fv2%2Fcategories&post=84029"},{"taxonomy":"post_tag","embeddable":true,"href":"https:\/\/www.egemtv.com\/index.php?rest_route=%2Fwp%2Fv2%2Ftags&post=84029"}],"curies":[{"name":"wp","href":"https:\/\/api.w.org\/{rel}","templated":true}]}}