{"id":84026,"date":"2026-01-30T10:34:59","date_gmt":"2026-01-30T07:34:59","guid":{"rendered":"https:\/\/www.egemtv.com\/?p=84026"},"modified":"2026-01-30T10:35:00","modified_gmt":"2026-01-30T07:35:00","slug":"honaz-belediyesinden-cocuklara-somestr-senligi","status":"publish","type":"post","link":"https:\/\/www.egemtv.com\/?p=84026","title":{"rendered":"Honaz Belediyesinden \u00e7ocuklara s\u00f6mestr \u015fenli\u011fi"},"content":{"rendered":"<p>Honaz Belediyesi taraf\u0131ndan yar\u0131y\u0131l tatiline \u00f6zel d\u00fczenlenen \u00c7ocuk \u015eenli\u011fi, Atat\u00fcrk Sosyal Tesisleri\u2019nde ba\u015flad\u0131. 29 Ocak-1 \u015eubat tarihleri aras\u0131nda s\u00fcrecek \u015fenlikte \u00e7ocuklar e\u011flenceye doyuyor.<\/p>\n<p>Honaz Belediyesi, yar\u0131y\u0131l tatilinde \u00e7ocuklar\u0131n keyifli ve e\u011flence dolu zaman ge\u00e7irmeleri amac\u0131yla \u00c7ocuk \u015eenli\u011fi d\u00fczenledi. 29 Ocak-1 \u015eubat tarihleri aras\u0131nda Honaz Belediyesi Atat\u00fcrk Sosyal Tesisleri\u2019nde ger\u00e7ekle\u015ftirilen \u015fenlikte, \u00e7ocuklara \u00f6zel birbirinden renkli etkinlikler yer al\u0131yor. \u015eenlik kapsam\u0131nda sevilen maskotlar, sihirbazl\u0131k g\u00f6sterileri, sirk g\u00f6sterileri ve y\u00fcz boyama etkinlikleriyle \u00e7ocuklar doyas\u0131ya e\u011flenirken, aileler de \u00e7ocuklar\u0131n\u0131n mutlulu\u011funa ortak oluyor.<\/p>\n<p>\u00c7ocuklar\u0131n g\u00fcl\u00fcmsemesinin, b\u00fcy\u00fck bir huzur kayna\u011f\u0131 oldu\u011funu belirten Honaz Belediye Ba\u015fkan\u0131 Y\u00fcksel Kepenek, &#8220;Honaz Belediyesi S\u00f6mestr Tatil \u015eenli\u011fimizde \u00e7ocuklar\u0131m\u0131zla bir aradayd\u0131k. Kahkahalar\u0131n eksik olmad\u0131\u011f\u0131, ne\u015fenin her k\u00f6\u015feye yay\u0131ld\u0131\u011f\u0131 \u00e7ok g\u00fczel ve keyifli bir g\u00fcn ya\u015fad\u0131k. E\u011flence, oyunlar, g\u00f6steriler ve s\u00fcrprizlerle dolu \u015fenli\u011fimiz t\u00fcm h\u0131z\u0131yla devam ediyor. T\u00fcm \u00e7ocuklar\u0131m\u0131z\u0131 ve k\u0131ymetli ailelerimizi Atat\u00fcrk Sosyal Tesislerimizde d\u00fczenlenen S\u00f6mestr Tatil \u015eenli\u011fimize davet ediyoruz&#8221; dedi.<br \/><\/p>\n","protected":false},"excerpt":{"rendered":"<p>Honaz Belediyesi taraf\u0131ndan yar\u0131y\u0131l tatiline \u00f6zel d\u00fczenlenen \u00c7ocuk \u015eenli\u011fi, Atat\u00fcrk Sosyal Tesisleri\u2019nde ba\u015flad\u0131. 29 Ocak-1 \u015eubat tarihleri aras\u0131nda s\u00fcrecek \u015fenlikte \u00e7ocuklar e\u011flenceye doyuyor. Honaz Belediyesi, yar\u0131y\u0131l tatilinde \u00e7ocuklar\u0131n keyifli ve e\u011flence dolu zaman ge\u00e7irmeleri amac\u0131yla \u00c7ocuk \u015eenli\u011fi d\u00fczenledi. 29 Ocak-1 \u015eubat tarihleri aras\u0131nda Honaz Belediyesi Atat\u00fcrk Sosyal Tesisleri\u2019nde ger\u00e7ekle\u015ftirilen \u015fenlikte, \u00e7ocuklara \u00f6zel birbirinden renkli etkinlikler&#8230;<\/p>\n","protected":false},"author":1,"featured_media":84027,"comment_status":"open","ping_status":"open","sticky":false,"template":"","format":"standard","meta":{"_crdt_document":"","footnotes":""},"categories":[1],"tags":[],"class_list":["post-84026","post","type-post","status-publish","format-standard","has-post-thumbnail","hentry","category-guncel"],"_links":{"self":[{"href":"https:\/\/www.egemtv.com\/index.php?rest_route=\/wp\/v2\/posts\/84026","targetHints":{"allow":["GET"]}}],"collection":[{"href":"https:\/\/www.egemtv.com\/index.php?rest_route=\/wp\/v2\/posts"}],"about":[{"href":"https:\/\/www.egemtv.com\/index.php?rest_route=\/wp\/v2\/types\/post"}],"author":[{"embeddable":true,"href":"https:\/\/www.egemtv.com\/index.php?rest_route=\/wp\/v2\/users\/1"}],"replies":[{"embeddable":true,"href":"https:\/\/www.egemtv.com\/index.php?rest_route=%2Fwp%2Fv2%2Fcomments&post=84026"}],"version-history":[{"count":1,"href":"https:\/\/www.egemtv.com\/index.php?rest_route=\/wp\/v2\/posts\/84026\/revisions"}],"predecessor-version":[{"id":84028,"href":"https:\/\/www.egemtv.com\/index.php?rest_route=\/wp\/v2\/posts\/84026\/revisions\/84028"}],"wp:featuredmedia":[{"embeddable":true,"href":"https:\/\/www.egemtv.com\/index.php?rest_route=\/wp\/v2\/media\/84027"}],"wp:attachment":[{"href":"https:\/\/www.egemtv.com\/index.php?rest_route=%2Fwp%2Fv2%2Fmedia&parent=84026"}],"wp:term":[{"taxonomy":"category","embeddable":true,"href":"https:\/\/www.egemtv.com\/index.php?rest_route=%2Fwp%2Fv2%2Fcategories&post=84026"},{"taxonomy":"post_tag","embeddable":true,"href":"https:\/\/www.egemtv.com\/index.php?rest_route=%2Fwp%2Fv2%2Ftags&post=84026"}],"curies":[{"name":"wp","href":"https:\/\/api.w.org\/{rel}","templated":true}]}}