{"id":84023,"date":"2026-01-30T10:34:57","date_gmt":"2026-01-30T07:34:57","guid":{"rendered":"https:\/\/www.egemtv.com\/?p=84023"},"modified":"2026-01-30T10:34:59","modified_gmt":"2026-01-30T07:34:59","slug":"milli-oryantiringciler-muglada-guc-depoluyor","status":"publish","type":"post","link":"https:\/\/www.egemtv.com\/?p=84023","title":{"rendered":"Milli oryantiringciler Mu\u011fla\u2019da g\u00fc\u00e7 depoluyor"},"content":{"rendered":"<p>T\u00fcrkiye Oryantiring Federasyonu taraf\u0131ndan d\u00fczenlenen Milli Tak\u0131m Antrenman Kamp\u0131, Mu\u011fla\u2019n\u0131n e\u015fsiz do\u011fas\u0131nda devam ediyor. Kamp kapsam\u0131nda milli sporcular, Mu\u011fla Gen\u00e7lik ve Spor \u0130l M\u00fcd\u00fcr\u00fc Kaz\u0131m A\u00e7\u0131kba\u015f\u2019\u0131 makam\u0131nda ziyaret etti.<\/p>\n<p>T\u00fcrkiye Oryantiring Federasyonu\u2019nun 2026 faaliyet program\u0131nda yer alan Milli Tak\u0131m Antrenman Kamp\u0131, Mu\u011fla ev sahipli\u011finde ger\u00e7ekle\u015ftiriliyor. 16-21 ya\u015f aras\u0131 40 sporcu ve 7 ki\u015filik teknik kadronun kat\u0131l\u0131m\u0131yla d\u00fczenlenen kamp, gen\u00e7 sporcular\u0131n uluslararas\u0131 arenadaki ba\u015far\u0131 \u00e7\u0131tas\u0131n\u0131 y\u00fckseltmeyi hedefliyor.<\/p>\n<p>Ziyaretten duydu\u011fu memnuniyeti dile getiren \u0130l M\u00fcd\u00fcr\u00fc Kaz\u0131m A\u00e7\u0131kba\u015f, Mu\u011fla\u2019n\u0131n sadece turizmle de\u011fil, spor altyap\u0131s\u0131yla da \u00f6n plana \u00e7\u0131kt\u0131\u011f\u0131n\u0131 belirtti. A\u00e7\u0131kba\u015f, yapt\u0131\u011f\u0131 a\u00e7\u0131klamada \u015fu ifadelere yer verdi:<br \/>\n<br \/>&#8220;Milli Tak\u0131m kamp\u0131n\u0131n ilimizde ger\u00e7ekle\u015ftirilmesinden b\u00fcy\u00fck gurur ve memnuniyet duyuyoruz. Mu\u011fla\u2019n\u0131n sahip oldu\u011fu spor altyap\u0131s\u0131 ve do\u011fal parkurlar, sporcular\u0131m\u0131z\u0131n geli\u015fimi i\u00e7in e\u015fsiz bir f\u0131rsat sunuyor. Bu t\u00fcr organizasyonlar, hem milli sporcular\u0131m\u0131z\u0131n ba\u015far\u0131s\u0131na katk\u0131 sa\u011fl\u0131yor hem de Mu\u011fla\u2019n\u0131n spor turizmi vizyonunu g\u00fc\u00e7lendiriyor&#8221;<\/p>\n<p>23-29 Ocak tarihleri aras\u0131nda devam eden kamp, sporcular i\u00e7in kritik bir haz\u0131rl\u0131k evresi niteli\u011fi ta\u015f\u0131yor. Gen\u00e7 milliler, yaz aylar\u0131nda d\u00fczenlenecek olan uluslararas\u0131 \u015fampiyonalar \u00f6ncesinde Mu\u011fla\u2019n\u0131n zorlu ve do\u011fal parkurlar\u0131nda teknik ve kondisyon depoluyor.<\/p>\n<p>Ziyaret, g\u00fcn\u00fcn an\u0131s\u0131na \u00e7ektirilen toplu foto\u011fraf \u00e7ekimiyle sona erdi.<br \/><\/p>\n","protected":false},"excerpt":{"rendered":"<p>T\u00fcrkiye Oryantiring Federasyonu taraf\u0131ndan d\u00fczenlenen Milli Tak\u0131m Antrenman Kamp\u0131, Mu\u011fla\u2019n\u0131n e\u015fsiz do\u011fas\u0131nda devam ediyor. Kamp kapsam\u0131nda milli sporcular, Mu\u011fla Gen\u00e7lik ve Spor \u0130l M\u00fcd\u00fcr\u00fc Kaz\u0131m A\u00e7\u0131kba\u015f\u2019\u0131 makam\u0131nda ziyaret etti. T\u00fcrkiye Oryantiring Federasyonu\u2019nun 2026 faaliyet program\u0131nda yer alan Milli Tak\u0131m Antrenman Kamp\u0131, Mu\u011fla ev sahipli\u011finde ger\u00e7ekle\u015ftiriliyor. 16-21 ya\u015f aras\u0131 40 sporcu ve 7 ki\u015filik teknik kadronun&#8230;<\/p>\n","protected":false},"author":1,"featured_media":84024,"comment_status":"open","ping_status":"open","sticky":false,"template":"","format":"standard","meta":{"_crdt_document":"","footnotes":""},"categories":[4],"tags":[],"class_list":["post-84023","post","type-post","status-publish","format-standard","has-post-thumbnail","hentry","category-spor"],"_links":{"self":[{"href":"https:\/\/www.egemtv.com\/index.php?rest_route=\/wp\/v2\/posts\/84023","targetHints":{"allow":["GET"]}}],"collection":[{"href":"https:\/\/www.egemtv.com\/index.php?rest_route=\/wp\/v2\/posts"}],"about":[{"href":"https:\/\/www.egemtv.com\/index.php?rest_route=\/wp\/v2\/types\/post"}],"author":[{"embeddable":true,"href":"https:\/\/www.egemtv.com\/index.php?rest_route=\/wp\/v2\/users\/1"}],"replies":[{"embeddable":true,"href":"https:\/\/www.egemtv.com\/index.php?rest_route=%2Fwp%2Fv2%2Fcomments&post=84023"}],"version-history":[{"count":1,"href":"https:\/\/www.egemtv.com\/index.php?rest_route=\/wp\/v2\/posts\/84023\/revisions"}],"predecessor-version":[{"id":84025,"href":"https:\/\/www.egemtv.com\/index.php?rest_route=\/wp\/v2\/posts\/84023\/revisions\/84025"}],"wp:featuredmedia":[{"embeddable":true,"href":"https:\/\/www.egemtv.com\/index.php?rest_route=\/wp\/v2\/media\/84024"}],"wp:attachment":[{"href":"https:\/\/www.egemtv.com\/index.php?rest_route=%2Fwp%2Fv2%2Fmedia&parent=84023"}],"wp:term":[{"taxonomy":"category","embeddable":true,"href":"https:\/\/www.egemtv.com\/index.php?rest_route=%2Fwp%2Fv2%2Fcategories&post=84023"},{"taxonomy":"post_tag","embeddable":true,"href":"https:\/\/www.egemtv.com\/index.php?rest_route=%2Fwp%2Fv2%2Ftags&post=84023"}],"curies":[{"name":"wp","href":"https:\/\/api.w.org\/{rel}","templated":true}]}}