{"id":84020,"date":"2026-01-30T10:34:56","date_gmt":"2026-01-30T07:34:56","guid":{"rendered":"https:\/\/www.egemtv.com\/?p=84020"},"modified":"2026-01-30T10:34:57","modified_gmt":"2026-01-30T07:34:57","slug":"manisada-kerpic-ev-coktu-1-yarali","status":"publish","type":"post","link":"https:\/\/www.egemtv.com\/?p=84020","title":{"rendered":"Manisa\u2019da kerpi\u00e7 ev \u00e7\u00f6kt\u00fc: 1 yaral\u0131"},"content":{"rendered":"<p>Manisa\u2019n\u0131n Akhisar il\u00e7esine ba\u011fl\u0131 Hac\u0131ahmetler Mahallesi\u2019nde tek katl\u0131 kerpi\u00e7 evin \u00e7\u00f6kmesi sonucu 1 ki\u015fi yaraland\u0131.<br \/>\n<br \/>Edinilen bilgilere g\u00f6re, Hac\u0131ahmetler Mahallesi\u2019nde hen\u00fcz belirlenemeyen bir nedenle kerpi\u00e7 bir ev \u00e7\u00f6kt\u00fc. \u00c7\u00f6kme s\u0131ras\u0131nda evin i\u00e7inde bulunan Mesut Baytekin, g\u00f6\u00e7\u00fck alt\u0131nda kald\u0131. \u0130hbar \u00fczerine olay yerine sevk edilen merkez itfaiye ekipleri, yaral\u0131 vatanda\u015f\u0131 titiz bir \u00e7al\u0131\u015fma sonucu enkaz alt\u0131ndan \u00e7\u0131kard\u0131.<br \/>\n<br \/>Yaral\u0131 Mesut Baytekin, sa\u011fl\u0131k ekiplerine teslim edilerek ambulansla hastaneye kald\u0131r\u0131ld\u0131. Baytekin\u2019in sa\u011fl\u0131k durumunun iyi oldu\u011fu \u00f6\u011frenilirken, olayla ilgili inceleme ba\u015flat\u0131ld\u0131.<br \/><\/p>\n","protected":false},"excerpt":{"rendered":"<p>Manisa\u2019n\u0131n Akhisar il\u00e7esine ba\u011fl\u0131 Hac\u0131ahmetler Mahallesi\u2019nde tek katl\u0131 kerpi\u00e7 evin \u00e7\u00f6kmesi sonucu 1 ki\u015fi yaraland\u0131. Edinilen bilgilere g\u00f6re, Hac\u0131ahmetler Mahallesi\u2019nde hen\u00fcz belirlenemeyen bir nedenle kerpi\u00e7 bir ev \u00e7\u00f6kt\u00fc. \u00c7\u00f6kme s\u0131ras\u0131nda evin i\u00e7inde bulunan Mesut Baytekin, g\u00f6\u00e7\u00fck alt\u0131nda kald\u0131. \u0130hbar \u00fczerine olay yerine sevk edilen merkez itfaiye ekipleri, yaral\u0131 vatanda\u015f\u0131 titiz bir \u00e7al\u0131\u015fma sonucu enkaz alt\u0131ndan&#8230;<\/p>\n","protected":false},"author":1,"featured_media":84021,"comment_status":"open","ping_status":"open","sticky":false,"template":"","format":"standard","meta":{"_crdt_document":"","footnotes":""},"categories":[5],"tags":[],"class_list":["post-84020","post","type-post","status-publish","format-standard","has-post-thumbnail","hentry","category-asayis"],"_links":{"self":[{"href":"https:\/\/www.egemtv.com\/index.php?rest_route=\/wp\/v2\/posts\/84020","targetHints":{"allow":["GET"]}}],"collection":[{"href":"https:\/\/www.egemtv.com\/index.php?rest_route=\/wp\/v2\/posts"}],"about":[{"href":"https:\/\/www.egemtv.com\/index.php?rest_route=\/wp\/v2\/types\/post"}],"author":[{"embeddable":true,"href":"https:\/\/www.egemtv.com\/index.php?rest_route=\/wp\/v2\/users\/1"}],"replies":[{"embeddable":true,"href":"https:\/\/www.egemtv.com\/index.php?rest_route=%2Fwp%2Fv2%2Fcomments&post=84020"}],"version-history":[{"count":1,"href":"https:\/\/www.egemtv.com\/index.php?rest_route=\/wp\/v2\/posts\/84020\/revisions"}],"predecessor-version":[{"id":84022,"href":"https:\/\/www.egemtv.com\/index.php?rest_route=\/wp\/v2\/posts\/84020\/revisions\/84022"}],"wp:featuredmedia":[{"embeddable":true,"href":"https:\/\/www.egemtv.com\/index.php?rest_route=\/wp\/v2\/media\/84021"}],"wp:attachment":[{"href":"https:\/\/www.egemtv.com\/index.php?rest_route=%2Fwp%2Fv2%2Fmedia&parent=84020"}],"wp:term":[{"taxonomy":"category","embeddable":true,"href":"https:\/\/www.egemtv.com\/index.php?rest_route=%2Fwp%2Fv2%2Fcategories&post=84020"},{"taxonomy":"post_tag","embeddable":true,"href":"https:\/\/www.egemtv.com\/index.php?rest_route=%2Fwp%2Fv2%2Ftags&post=84020"}],"curies":[{"name":"wp","href":"https:\/\/api.w.org\/{rel}","templated":true}]}}