{"id":84017,"date":"2026-01-30T10:34:55","date_gmt":"2026-01-30T07:34:55","guid":{"rendered":"https:\/\/www.egemtv.com\/?p=84017"},"modified":"2026-01-30T10:34:56","modified_gmt":"2026-01-30T07:34:56","slug":"izmir-aciklarinda-43-duzensiz-gocmen-yakalandi","status":"publish","type":"post","link":"https:\/\/www.egemtv.com\/?p=84017","title":{"rendered":"\u0130zmir a\u00e7\u0131klar\u0131nda 43 d\u00fczensiz g\u00f6\u00e7men yakaland\u0131"},"content":{"rendered":"<p>\u0130zmir\u2019in Seferihisar ve \u00c7e\u015fme il\u00e7eleri a\u00e7\u0131klar\u0131nda Sahil G\u00fcvenlik ekipleri taraf\u0131ndan durdurulan lastik botlarda, 20\u2019si \u00e7ocuk toplam 43 d\u00fczensiz g\u00f6\u00e7men yakaland\u0131.<br \/>\n<br \/>Sahil G\u00fcvenlik Mobil Radar\u0131 (MORAD-9) taraf\u0131ndan 28 Ocak g\u00fcn\u00fc saat 04.40 s\u0131ralar\u0131nda Seferihisar il\u00e7esi a\u00e7\u0131klar\u0131nda lastik bot i\u00e7erisinde bir grup d\u00fczensiz g\u00f6\u00e7men oldu\u011fu tespit edildi. B\u00f6lgeye sevk edilen Sahil G\u00fcvenlik Botlar\u0131 (TCSG-912, KB-22) taraf\u0131ndan hareketli lastik bot durduruldu. \u0130\u00e7erisinde 20\u2019si \u00e7ocuk 33 d\u00fczensiz g\u00f6\u00e7men oldu\u011fu belirlendi.<br \/>\n<br \/>Ekipler ayn\u0131 g\u00fcn saat 11.30 s\u0131ralar\u0131nda ise \u00c7e\u015fme il\u00e7esi a\u00e7\u0131klar\u0131nda Sahil G\u00fcvenlik Mobil K\u0131y\u0131 G\u00f6zetleme Arac\u0131 (DEN\u0130Z-351) ile tespit edilen bir ba\u015fka lastik botu durdurdu. Sahil G\u00fcvenlik Botu (KB-118) taraf\u0131ndan yap\u0131lan m\u00fcdahalede 10 d\u00fczensiz g\u00f6\u00e7men yakaland\u0131. G\u00f6\u00e7menler, i\u015flemlerinin ard\u0131ndan \u0130l G\u00f6\u00e7 \u0130daresi M\u00fcd\u00fcrl\u00fc\u011f\u00fcne g\u00f6nderildi.<br \/><\/p>\n","protected":false},"excerpt":{"rendered":"<p>\u0130zmir\u2019in Seferihisar ve \u00c7e\u015fme il\u00e7eleri a\u00e7\u0131klar\u0131nda Sahil G\u00fcvenlik ekipleri taraf\u0131ndan durdurulan lastik botlarda, 20\u2019si \u00e7ocuk toplam 43 d\u00fczensiz g\u00f6\u00e7men yakaland\u0131. Sahil G\u00fcvenlik Mobil Radar\u0131 (MORAD-9) taraf\u0131ndan 28 Ocak g\u00fcn\u00fc saat 04.40 s\u0131ralar\u0131nda Seferihisar il\u00e7esi a\u00e7\u0131klar\u0131nda lastik bot i\u00e7erisinde bir grup d\u00fczensiz g\u00f6\u00e7men oldu\u011fu tespit edildi. B\u00f6lgeye sevk edilen Sahil G\u00fcvenlik Botlar\u0131 (TCSG-912, KB-22) taraf\u0131ndan hareketli&#8230;<\/p>\n","protected":false},"author":1,"featured_media":84018,"comment_status":"open","ping_status":"open","sticky":false,"template":"","format":"standard","meta":{"_crdt_document":"","footnotes":""},"categories":[5],"tags":[],"class_list":["post-84017","post","type-post","status-publish","format-standard","has-post-thumbnail","hentry","category-asayis"],"_links":{"self":[{"href":"https:\/\/www.egemtv.com\/index.php?rest_route=\/wp\/v2\/posts\/84017","targetHints":{"allow":["GET"]}}],"collection":[{"href":"https:\/\/www.egemtv.com\/index.php?rest_route=\/wp\/v2\/posts"}],"about":[{"href":"https:\/\/www.egemtv.com\/index.php?rest_route=\/wp\/v2\/types\/post"}],"author":[{"embeddable":true,"href":"https:\/\/www.egemtv.com\/index.php?rest_route=\/wp\/v2\/users\/1"}],"replies":[{"embeddable":true,"href":"https:\/\/www.egemtv.com\/index.php?rest_route=%2Fwp%2Fv2%2Fcomments&post=84017"}],"version-history":[{"count":1,"href":"https:\/\/www.egemtv.com\/index.php?rest_route=\/wp\/v2\/posts\/84017\/revisions"}],"predecessor-version":[{"id":84019,"href":"https:\/\/www.egemtv.com\/index.php?rest_route=\/wp\/v2\/posts\/84017\/revisions\/84019"}],"wp:featuredmedia":[{"embeddable":true,"href":"https:\/\/www.egemtv.com\/index.php?rest_route=\/wp\/v2\/media\/84018"}],"wp:attachment":[{"href":"https:\/\/www.egemtv.com\/index.php?rest_route=%2Fwp%2Fv2%2Fmedia&parent=84017"}],"wp:term":[{"taxonomy":"category","embeddable":true,"href":"https:\/\/www.egemtv.com\/index.php?rest_route=%2Fwp%2Fv2%2Fcategories&post=84017"},{"taxonomy":"post_tag","embeddable":true,"href":"https:\/\/www.egemtv.com\/index.php?rest_route=%2Fwp%2Fv2%2Ftags&post=84017"}],"curies":[{"name":"wp","href":"https:\/\/api.w.org\/{rel}","templated":true}]}}