{"id":84014,"date":"2026-01-30T10:15:03","date_gmt":"2026-01-30T07:15:03","guid":{"rendered":"https:\/\/www.egemtv.com\/?p=84014"},"modified":"2026-01-30T10:15:05","modified_gmt":"2026-01-30T07:15:05","slug":"izmir-gece-saganak-yagisa-teslim-oldu-ekipler-gece-boyunca-sahada-gorev-yapti","status":"publish","type":"post","link":"https:\/\/www.egemtv.com\/?p=84014","title":{"rendered":"\u0130zmir gece sa\u011fanak ya\u011f\u0131\u015fa teslim oldu, ekipler gece boyunca sahada g\u00f6rev yapt\u0131"},"content":{"rendered":"<p>\u0130zmir\u2019de d\u00fcn ak\u015fam saatlerinde etkisini art\u0131ran sa\u011fanak ve f\u0131rt\u0131na, kent genelinde hayat\u0131 olumsuz etkiledi. Y\u0131ld\u0131r\u0131m d\u00fc\u015fmesi sonucu pompa istasyonunda ar\u0131za meydana gelirken, ta\u015fan dereler ve yo\u011fun su bask\u0131nlar\u0131na kar\u015f\u0131 \u0130zmir B\u00fcy\u00fck\u015fehir Belediyesi t\u00fcm birimleriyle alarm durumuna ge\u00e7ti.<br \/>\n<br \/>\u0130zmir\u2019de ak\u015fam saatlerinde etkisini art\u0131ran sa\u011fanak ve f\u0131rt\u0131na, kent genelinde hayat\u0131 olumsuz etkiledi. Y\u0131ld\u0131r\u0131m d\u00fc\u015fmesi sonucu Halkap\u0131nar pompa istasyonunda ar\u0131za meydana gelirken, ta\u015fan dereler ve yo\u011fun su bask\u0131nlar\u0131na kar\u015f\u0131 \u0130zmir B\u00fcy\u00fck\u015fehir Belediyesi t\u00fcm birimleriyle alarm durumuna ge\u00e7ti. Meteoroloji verilerine g\u00f6re k\u0131sa s\u00fcrede d\u00fc\u015fen ya\u011f\u0131\u015f miktar\u0131 metrekare ba\u015f\u0131na Buca\u2019da 80 kilogram, Konak\u2019ta ise 63 kilogram olarak \u00f6l\u00e7\u00fcld\u00fc.  Bu yo\u011funluk, kent genelinde su birikintileri ve ta\u015fk\u0131n riskini art\u0131rd\u0131.<\/p>\n<p>Y\u0131ld\u0131r\u0131m pompa istasyonunu vurdu<br \/>\n<br \/>\u015eiddetli hava ko\u015fullar\u0131 s\u0131ras\u0131nda Halkap\u0131nar Pompa \u0130stasyonu\u2019na y\u0131ld\u0131r\u0131m d\u00fc\u015fmesi sonucu hatta ar\u0131za meydana geldi. Bu hattan beslenen Buca, Bornova, Kar\u015f\u0131yaka, Bayrakl\u0131 ve \u00c7i\u011fli\u2019de su kesintisi yap\u0131ld\u0131\u011f\u0131 bildirilirken ar\u0131zan\u0131n giderilmesi i\u00e7in ekiplerin \u00e7al\u0131\u015fmalar\u0131 aral\u0131ks\u0131z s\u00fcr\u00fcyor. Ayr\u0131ca yo\u011fun ya\u011f\u0131\u015f ve gelgit etkisiyle Manda \u00c7ay\u0131, Meles ve Arap Deresi\u2019nde ta\u015fk\u0131nlar ya\u015fand\u0131. Ekipler ta\u015fma riski bulunan alanlarda g\u00fcvenlik \u00f6nlemlerini art\u0131r\u0131rken, vatanda\u015flara dere yataklar\u0131ndan uzak durmalar\u0131 y\u00f6n\u00fcnde uyar\u0131 yap\u0131ld\u0131.<\/p>\n<p>348 su bask\u0131n\u0131<br \/>\n<br \/>112 \u0130tfaiye \u00c7a\u011fr\u0131 Merkezi\u2019ne yakla\u015f\u0131k 150 ihbar ula\u015f\u0131rken ekipler gelen \u00e7a\u011fr\u0131lara h\u0131zla m\u00fcdahale etti. \u00c7i\u011fli\u2019de bir \u00fcst ge\u00e7itte olu\u015fan tehlikeli durum kontrol alt\u0131na al\u0131narak risk ortadan kald\u0131r\u0131ld\u0131. Gaziemir Ak\u00e7ay Caddesi\u2019nde ara\u00e7lar\u0131nda mahsur kalan vatanda\u015flar ise ekipler taraf\u0131ndan g\u00fcvenli alanlara ula\u015ft\u0131r\u0131ld\u0131. \u0130ZSU (185) ve H\u0130M (153) hatlar\u0131na ula\u015fan 348 su bask\u0131n\u0131 ihbar\u0131n\u0131n 142\u2019si yol ve kav\u015faklarda, 206\u2019s\u0131 ise ev ve i\u015f yerlerinde ya\u015fanan bask\u0131nlar olarak kayda ge\u00e7ti. Buca Efeler Mahallesi\u2019nde meydana gelen istinat duvar\u0131 \u00e7\u00f6kmesine Fen \u0130\u015fleri ekipleri taraf\u0131ndan m\u00fcdahale edilirken, b\u00f6lgede g\u00fcvenlik \u00f6nlemleri art\u0131r\u0131ld\u0131.<\/p>\n<p>T\u00fcm birimler teyakkuzda<br \/>\n<br \/>\u0130zmir B\u00fcy\u00fck\u015fehir Belediyesi, t\u00fcm birimlerin sahada oldu\u011funu ve geli\u015fmelerin Afet Koordinasyon Merkezi taraf\u0131ndan anl\u0131k takip edildi\u011fini belirtti. Yetkililer, zorunlu olmad\u0131k\u00e7a riskli b\u00f6lgelerde bulunulmamas\u0131 ve olumsuz durumlar\u0131n ilgili hatlara bildirilmesi \u00e7a\u011fr\u0131s\u0131nda bulundu.<br \/><\/p>\n","protected":false},"excerpt":{"rendered":"<p>\u0130zmir\u2019de d\u00fcn ak\u015fam saatlerinde etkisini art\u0131ran sa\u011fanak ve f\u0131rt\u0131na, kent genelinde hayat\u0131 olumsuz etkiledi. Y\u0131ld\u0131r\u0131m d\u00fc\u015fmesi sonucu pompa istasyonunda ar\u0131za meydana gelirken, ta\u015fan dereler ve yo\u011fun su bask\u0131nlar\u0131na kar\u015f\u0131 \u0130zmir B\u00fcy\u00fck\u015fehir Belediyesi t\u00fcm birimleriyle alarm durumuna ge\u00e7ti. \u0130zmir\u2019de ak\u015fam saatlerinde etkisini art\u0131ran sa\u011fanak ve f\u0131rt\u0131na, kent genelinde hayat\u0131 olumsuz etkiledi. Y\u0131ld\u0131r\u0131m d\u00fc\u015fmesi sonucu Halkap\u0131nar pompa&#8230;<\/p>\n","protected":false},"author":1,"featured_media":84015,"comment_status":"open","ping_status":"open","sticky":false,"template":"","format":"standard","meta":{"_crdt_document":"","footnotes":""},"categories":[5],"tags":[],"class_list":["post-84014","post","type-post","status-publish","format-standard","has-post-thumbnail","hentry","category-asayis"],"_links":{"self":[{"href":"https:\/\/www.egemtv.com\/index.php?rest_route=\/wp\/v2\/posts\/84014","targetHints":{"allow":["GET"]}}],"collection":[{"href":"https:\/\/www.egemtv.com\/index.php?rest_route=\/wp\/v2\/posts"}],"about":[{"href":"https:\/\/www.egemtv.com\/index.php?rest_route=\/wp\/v2\/types\/post"}],"author":[{"embeddable":true,"href":"https:\/\/www.egemtv.com\/index.php?rest_route=\/wp\/v2\/users\/1"}],"replies":[{"embeddable":true,"href":"https:\/\/www.egemtv.com\/index.php?rest_route=%2Fwp%2Fv2%2Fcomments&post=84014"}],"version-history":[{"count":1,"href":"https:\/\/www.egemtv.com\/index.php?rest_route=\/wp\/v2\/posts\/84014\/revisions"}],"predecessor-version":[{"id":84016,"href":"https:\/\/www.egemtv.com\/index.php?rest_route=\/wp\/v2\/posts\/84014\/revisions\/84016"}],"wp:featuredmedia":[{"embeddable":true,"href":"https:\/\/www.egemtv.com\/index.php?rest_route=\/wp\/v2\/media\/84015"}],"wp:attachment":[{"href":"https:\/\/www.egemtv.com\/index.php?rest_route=%2Fwp%2Fv2%2Fmedia&parent=84014"}],"wp:term":[{"taxonomy":"category","embeddable":true,"href":"https:\/\/www.egemtv.com\/index.php?rest_route=%2Fwp%2Fv2%2Fcategories&post=84014"},{"taxonomy":"post_tag","embeddable":true,"href":"https:\/\/www.egemtv.com\/index.php?rest_route=%2Fwp%2Fv2%2Ftags&post=84014"}],"curies":[{"name":"wp","href":"https:\/\/api.w.org\/{rel}","templated":true}]}}