{"id":84011,"date":"2026-01-30T09:55:16","date_gmt":"2026-01-30T06:55:16","guid":{"rendered":"https:\/\/www.egemtv.com\/?p=84011"},"modified":"2026-01-30T09:55:16","modified_gmt":"2026-01-30T06:55:16","slug":"baskan-cercioglu-buyuksehirler-arasinda-ilk-10da-yer-aldi","status":"publish","type":"post","link":"https:\/\/www.egemtv.com\/?p=84011","title":{"rendered":"Ba\u015fkan \u00c7er\u00e7io\u011flu, b\u00fcy\u00fck\u015fehirler aras\u0131nda ilk 10\u2019da yer ald\u0131"},"content":{"rendered":"<p>Bir ara\u015ft\u0131rma \u015firketi taraf\u0131ndan yap\u0131lan son \u00e7al\u0131\u015fmada Ayd\u0131n B\u00fcy\u00fck\u015fehir Belediye Ba\u015fkan\u0131 \u00d6zlem \u00c7er\u00e7io\u011flu\u2019nun oy oran\u0131n\u0131 art\u0131rarak b\u00fcy\u00fck\u015fehir belediye ba\u015fkanlar\u0131 aras\u0131nda ilk 10\u2019da yer ald\u0131.<\/p>\n<p>Ara\u015ft\u0131rma \u015firketinin Ocak 2026 d\u00f6neminde ger\u00e7ekle\u015ftirdi\u011fi \u2019Yerel Y\u00f6netimler Ara\u015ft\u0131rmas\u0131 &#8211; B\u00fcy\u00fck\u015fehirlerde Oy Verme E\u011filimleri\u2019 ba\u015fl\u0131kl\u0131 \u00e7al\u0131\u015fmada, b\u00fcy\u00fck\u015fehir belediye ba\u015fkanlar\u0131n\u0131n Mart 2024 yerel se\u00e7imlerindeki oy oranlar\u0131 ile bug\u00fcn se\u00e7im yap\u0131lmas\u0131 halinde alacaklar\u0131 oy oranlar\u0131 kar\u015f\u0131la\u015ft\u0131r\u0131ld\u0131. Ara\u015ft\u0131rmada yer alan 24 b\u00fcy\u00fck\u015fehir belediye ba\u015fkan\u0131 aras\u0131nda Ayd\u0131n B\u00fcy\u00fck\u015fehir Belediye Ba\u015fkan\u0131 \u00d6zlem \u00c7er\u00e7io\u011flu\u2019nun 8\u2019inci s\u0131rada yer almas\u0131 dikkat \u00e7ekti.<\/p>\n<p>Oylar\u0131n\u0131 art\u0131rd\u0131<br \/>\n<br \/>Ara\u015ft\u0131rma sonu\u00e7lar\u0131na g\u00f6re Ayd\u0131n B\u00fcy\u00fck\u015fehir Belediye Ba\u015fkan\u0131 \u00d6zlem \u00c7er\u00e7io\u011flu\u2019nun Mart 2024 yerel se\u00e7imlerinde ald\u0131\u011f\u0131 y\u00fczde 50,5\u2019lik oy oran\u0131n\u0131n, bug\u00fcn yeniden aday olmas\u0131 halinde y\u00fczde 52,3 seviyesine y\u00fckseldi\u011fi belirlendi. Bu tabloyla birlikte \u00c7er\u00e7io\u011flu\u2019nun oy oran\u0131nda 1,8 puanl\u0131k art\u0131\u015f kaydedildi\u011fi g\u00f6r\u00fcld\u00fc. \u00c7al\u0131\u015fmada, oy oran\u0131n\u0131 art\u0131ran b\u00fcy\u00fck\u015fehir belediye ba\u015fkanlar\u0131 aras\u0131nda \u00fcst s\u0131ralarda yer alan \u00c7er\u00e7io\u011flu\u2019nun; \u0130zmir, Mu\u011fla ve Ankara gibi b\u00fcy\u00fck\u015fehirlerin belediye ba\u015fkanlar\u0131n\u0131 geride b\u0131rakmas\u0131 da dikkat \u00e7ekti.<br \/><\/p>\n","protected":false},"excerpt":{"rendered":"<p>Bir ara\u015ft\u0131rma \u015firketi taraf\u0131ndan yap\u0131lan son \u00e7al\u0131\u015fmada Ayd\u0131n B\u00fcy\u00fck\u015fehir Belediye Ba\u015fkan\u0131 \u00d6zlem \u00c7er\u00e7io\u011flu\u2019nun oy oran\u0131n\u0131 art\u0131rarak b\u00fcy\u00fck\u015fehir belediye ba\u015fkanlar\u0131 aras\u0131nda ilk 10\u2019da yer ald\u0131. Ara\u015ft\u0131rma \u015firketinin Ocak 2026 d\u00f6neminde ger\u00e7ekle\u015ftirdi\u011fi \u2019Yerel Y\u00f6netimler Ara\u015ft\u0131rmas\u0131 &#8211; B\u00fcy\u00fck\u015fehirlerde Oy Verme E\u011filimleri\u2019 ba\u015fl\u0131kl\u0131 \u00e7al\u0131\u015fmada, b\u00fcy\u00fck\u015fehir belediye ba\u015fkanlar\u0131n\u0131n Mart 2024 yerel se\u00e7imlerindeki oy oranlar\u0131 ile bug\u00fcn se\u00e7im yap\u0131lmas\u0131 halinde alacaklar\u0131&#8230;<\/p>\n","protected":false},"author":1,"featured_media":84012,"comment_status":"open","ping_status":"open","sticky":false,"template":"","format":"standard","meta":{"_crdt_document":"","footnotes":""},"categories":[1],"tags":[],"class_list":["post-84011","post","type-post","status-publish","format-standard","has-post-thumbnail","hentry","category-guncel"],"_links":{"self":[{"href":"https:\/\/www.egemtv.com\/index.php?rest_route=\/wp\/v2\/posts\/84011","targetHints":{"allow":["GET"]}}],"collection":[{"href":"https:\/\/www.egemtv.com\/index.php?rest_route=\/wp\/v2\/posts"}],"about":[{"href":"https:\/\/www.egemtv.com\/index.php?rest_route=\/wp\/v2\/types\/post"}],"author":[{"embeddable":true,"href":"https:\/\/www.egemtv.com\/index.php?rest_route=\/wp\/v2\/users\/1"}],"replies":[{"embeddable":true,"href":"https:\/\/www.egemtv.com\/index.php?rest_route=%2Fwp%2Fv2%2Fcomments&post=84011"}],"version-history":[{"count":1,"href":"https:\/\/www.egemtv.com\/index.php?rest_route=\/wp\/v2\/posts\/84011\/revisions"}],"predecessor-version":[{"id":84013,"href":"https:\/\/www.egemtv.com\/index.php?rest_route=\/wp\/v2\/posts\/84011\/revisions\/84013"}],"wp:featuredmedia":[{"embeddable":true,"href":"https:\/\/www.egemtv.com\/index.php?rest_route=\/wp\/v2\/media\/84012"}],"wp:attachment":[{"href":"https:\/\/www.egemtv.com\/index.php?rest_route=%2Fwp%2Fv2%2Fmedia&parent=84011"}],"wp:term":[{"taxonomy":"category","embeddable":true,"href":"https:\/\/www.egemtv.com\/index.php?rest_route=%2Fwp%2Fv2%2Fcategories&post=84011"},{"taxonomy":"post_tag","embeddable":true,"href":"https:\/\/www.egemtv.com\/index.php?rest_route=%2Fwp%2Fv2%2Ftags&post=84011"}],"curies":[{"name":"wp","href":"https:\/\/api.w.org\/{rel}","templated":true}]}}