{"id":84008,"date":"2026-01-30T09:55:15","date_gmt":"2026-01-30T06:55:15","guid":{"rendered":"https:\/\/www.egemtv.com\/?p=84008"},"modified":"2026-01-30T09:55:16","modified_gmt":"2026-01-30T06:55:16","slug":"koycegizde-yariyil-tatili-kurek-okulu-egitimleri-suruyor","status":"publish","type":"post","link":"https:\/\/www.egemtv.com\/?p=84008","title":{"rendered":"K\u00f6yce\u011fiz\u2019de yar\u0131y\u0131l tatili k\u00fcrek okulu e\u011fitimleri s\u00fcr\u00fcyor"},"content":{"rendered":"<p>Mu\u011fla\u2019n\u0131n K\u00f6yce\u011fiz il\u00e7esinde \u00f6\u011frencilerin yar\u0131y\u0131l tatilini sporla de\u011ferlendirmesi amac\u0131yla d\u00fczenlenen yar\u0131y\u0131l tatili k\u00fcrek okulu e\u011fitimleri h\u0131z kesmeden devam ediyor.<\/p>\n<p>\u20187\u2019den 70\u2019e K\u00f6yce\u011fiz Spor Yap\u0131yor\u2019 projesi kapsam\u0131nda K\u00f6yce\u011fiz Kaymakaml\u0131\u011f\u0131 koordinasyonunda, K\u00f6yce\u011fiz Gen\u00e7lik ve Spor \u0130l\u00e7e M\u00fcd\u00fcrl\u00fc\u011f\u00fc, K\u00f6yce\u011fiz \u0130l\u00e7e Milli E\u011fitim M\u00fcd\u00fcrl\u00fc\u011f\u00fc ve Thor Spor Kul\u00fcb\u00fc i\u015f birli\u011fi ile d\u00fczenlenen Yar\u0131y\u0131l Tatili K\u00fcrek Okulu, hafta sonuna kadar s\u00fcrecek. \u00dccretsiz olarak d\u00fczenlenen \u2018Yar\u0131y\u0131l Tatili K\u00fcrek Okulu\u2019 e\u011fitimlerine 14, 17 ya\u015f aras\u0131 \u00f6\u011frenciler kat\u0131ld\u0131. Yar\u0131y\u0131l Tatili K\u00fcrek Okulu e\u011fitimleri \u00f6\u011frenciler taraf\u0131ndan yo\u011fun ilgi g\u00f6rd\u00fc. Yar\u0131y\u0131l Tatili K\u00fcrek Okulu e\u011fitimleri tecr\u00fcbeli antren\u00f6rler nezaretinde her g\u00fcn K\u00f6yce\u011fiz G\u00f6l\u00fc\u2019nde s\u00fcrd\u00fcr\u00fcl\u00fcyor. \u00d6\u011frenciler K\u00fcrek Okulu e\u011fitimlerinden memnuniyetlerini belirterek, eme\u011fi ge\u00e7enlere te\u015fekk\u00fcr etti.<br \/><\/p>\n","protected":false},"excerpt":{"rendered":"<p>Mu\u011fla\u2019n\u0131n K\u00f6yce\u011fiz il\u00e7esinde \u00f6\u011frencilerin yar\u0131y\u0131l tatilini sporla de\u011ferlendirmesi amac\u0131yla d\u00fczenlenen yar\u0131y\u0131l tatili k\u00fcrek okulu e\u011fitimleri h\u0131z kesmeden devam ediyor. \u20187\u2019den 70\u2019e K\u00f6yce\u011fiz Spor Yap\u0131yor\u2019 projesi kapsam\u0131nda K\u00f6yce\u011fiz Kaymakaml\u0131\u011f\u0131 koordinasyonunda, K\u00f6yce\u011fiz Gen\u00e7lik ve Spor \u0130l\u00e7e M\u00fcd\u00fcrl\u00fc\u011f\u00fc, K\u00f6yce\u011fiz \u0130l\u00e7e Milli E\u011fitim M\u00fcd\u00fcrl\u00fc\u011f\u00fc ve Thor Spor Kul\u00fcb\u00fc i\u015f birli\u011fi ile d\u00fczenlenen Yar\u0131y\u0131l Tatili K\u00fcrek Okulu, hafta sonuna kadar&#8230;<\/p>\n","protected":false},"author":1,"featured_media":84009,"comment_status":"open","ping_status":"open","sticky":false,"template":"","format":"standard","meta":{"_crdt_document":"","footnotes":""},"categories":[4],"tags":[],"class_list":["post-84008","post","type-post","status-publish","format-standard","has-post-thumbnail","hentry","category-spor"],"_links":{"self":[{"href":"https:\/\/www.egemtv.com\/index.php?rest_route=\/wp\/v2\/posts\/84008","targetHints":{"allow":["GET"]}}],"collection":[{"href":"https:\/\/www.egemtv.com\/index.php?rest_route=\/wp\/v2\/posts"}],"about":[{"href":"https:\/\/www.egemtv.com\/index.php?rest_route=\/wp\/v2\/types\/post"}],"author":[{"embeddable":true,"href":"https:\/\/www.egemtv.com\/index.php?rest_route=\/wp\/v2\/users\/1"}],"replies":[{"embeddable":true,"href":"https:\/\/www.egemtv.com\/index.php?rest_route=%2Fwp%2Fv2%2Fcomments&post=84008"}],"version-history":[{"count":1,"href":"https:\/\/www.egemtv.com\/index.php?rest_route=\/wp\/v2\/posts\/84008\/revisions"}],"predecessor-version":[{"id":84010,"href":"https:\/\/www.egemtv.com\/index.php?rest_route=\/wp\/v2\/posts\/84008\/revisions\/84010"}],"wp:featuredmedia":[{"embeddable":true,"href":"https:\/\/www.egemtv.com\/index.php?rest_route=\/wp\/v2\/media\/84009"}],"wp:attachment":[{"href":"https:\/\/www.egemtv.com\/index.php?rest_route=%2Fwp%2Fv2%2Fmedia&parent=84008"}],"wp:term":[{"taxonomy":"category","embeddable":true,"href":"https:\/\/www.egemtv.com\/index.php?rest_route=%2Fwp%2Fv2%2Fcategories&post=84008"},{"taxonomy":"post_tag","embeddable":true,"href":"https:\/\/www.egemtv.com\/index.php?rest_route=%2Fwp%2Fv2%2Ftags&post=84008"}],"curies":[{"name":"wp","href":"https:\/\/api.w.org\/{rel}","templated":true}]}}