{"id":84005,"date":"2026-01-30T09:55:14","date_gmt":"2026-01-30T06:55:14","guid":{"rendered":"https:\/\/www.egemtv.com\/?p=84005"},"modified":"2026-01-30T09:55:14","modified_gmt":"2026-01-30T06:55:14","slug":"koskte-karantina-kaldirildi","status":"publish","type":"post","link":"https:\/\/www.egemtv.com\/?p=84005","title":{"rendered":"K\u00f6\u015fk\u2019te karantina kald\u0131r\u0131ld\u0131"},"content":{"rendered":"<p>Ayd\u0131n\u2019\u0131n K\u00f6\u015fk il\u00e7esinde \u015fap hastal\u0131\u011f\u0131 nedeniyle uygulanan karantina, al\u0131nan kararla kald\u0131r\u0131ld\u0131.<\/p>\n<p>\u00dclke genelinde oldu\u011fu gibi Ayd\u0131n\u2019da da \u015fap hastal\u0131\u011f\u0131 ile m\u00fccadele \u00e7al\u0131\u015fmalar\u0131 h\u0131z kesmiyor. Hastal\u0131\u011f\u0131n g\u00f6r\u00fcld\u00fc\u011f\u00fc b\u00f6lgelerde dezenfeksiyon ve imha \u00e7al\u0131\u015fmalar\u0131n\u0131n yan\u0131 s\u0131ra a\u015f\u0131lama, kontrol ve bilgilendirmeler de il ve il\u00e7e tar\u0131m ekiplerince y\u00fcr\u00fct\u00fcl\u00fcyor. Bu kapsamda K\u00f6\u015fk il\u00e7esinde \u015fap hastal\u0131\u011f\u0131 nedeniyle al\u0131nan karantina karar\u0131 da kald\u0131r\u0131ld\u0131.<\/p>\n<p>K\u00f6\u015fk \u0130l\u00e7e Tar\u0131m ve Orman M\u00fcd\u00fcrl\u00fc\u011f\u00fc\u2019nden yap\u0131lan a\u00e7\u0131klamada &#8220;K\u00f6\u015fk il\u00e7esi Hayvan Sa\u011fl\u0131k Zab\u0131tas\u0131 Komisyonu\u2019nun 2026\/01 tarihli komisyon karar\u0131 gere\u011fince il\u00e7emiz t\u00fcm mahallelerinde \u015fap hastal\u0131\u011f\u0131 karantinas\u0131 kald\u0131r\u0131lm\u0131\u015ft\u0131r&#8221; ifadeleri yer ald\u0131. Yetkililer, hastal\u0131\u011f\u0131n yeniden g\u00f6r\u00fclmemesi i\u00e7in hayvan hareketleri, a\u015f\u0131lama ve hijyen kurallar\u0131na hassasiyetle uyulmas\u0131 gerekti\u011fini vurgulad\u0131.<br \/><\/p>\n","protected":false},"excerpt":{"rendered":"<p>Ayd\u0131n\u2019\u0131n K\u00f6\u015fk il\u00e7esinde \u015fap hastal\u0131\u011f\u0131 nedeniyle uygulanan karantina, al\u0131nan kararla kald\u0131r\u0131ld\u0131. \u00dclke genelinde oldu\u011fu gibi Ayd\u0131n\u2019da da \u015fap hastal\u0131\u011f\u0131 ile m\u00fccadele \u00e7al\u0131\u015fmalar\u0131 h\u0131z kesmiyor. Hastal\u0131\u011f\u0131n g\u00f6r\u00fcld\u00fc\u011f\u00fc b\u00f6lgelerde dezenfeksiyon ve imha \u00e7al\u0131\u015fmalar\u0131n\u0131n yan\u0131 s\u0131ra a\u015f\u0131lama, kontrol ve bilgilendirmeler de il ve il\u00e7e tar\u0131m ekiplerince y\u00fcr\u00fct\u00fcl\u00fcyor. Bu kapsamda K\u00f6\u015fk il\u00e7esinde \u015fap hastal\u0131\u011f\u0131 nedeniyle al\u0131nan karantina karar\u0131 da&#8230;<\/p>\n","protected":false},"author":1,"featured_media":84006,"comment_status":"open","ping_status":"open","sticky":false,"template":"","format":"standard","meta":{"_crdt_document":"","footnotes":""},"categories":[1],"tags":[],"class_list":["post-84005","post","type-post","status-publish","format-standard","has-post-thumbnail","hentry","category-guncel"],"_links":{"self":[{"href":"https:\/\/www.egemtv.com\/index.php?rest_route=\/wp\/v2\/posts\/84005","targetHints":{"allow":["GET"]}}],"collection":[{"href":"https:\/\/www.egemtv.com\/index.php?rest_route=\/wp\/v2\/posts"}],"about":[{"href":"https:\/\/www.egemtv.com\/index.php?rest_route=\/wp\/v2\/types\/post"}],"author":[{"embeddable":true,"href":"https:\/\/www.egemtv.com\/index.php?rest_route=\/wp\/v2\/users\/1"}],"replies":[{"embeddable":true,"href":"https:\/\/www.egemtv.com\/index.php?rest_route=%2Fwp%2Fv2%2Fcomments&post=84005"}],"version-history":[{"count":1,"href":"https:\/\/www.egemtv.com\/index.php?rest_route=\/wp\/v2\/posts\/84005\/revisions"}],"predecessor-version":[{"id":84007,"href":"https:\/\/www.egemtv.com\/index.php?rest_route=\/wp\/v2\/posts\/84005\/revisions\/84007"}],"wp:featuredmedia":[{"embeddable":true,"href":"https:\/\/www.egemtv.com\/index.php?rest_route=\/wp\/v2\/media\/84006"}],"wp:attachment":[{"href":"https:\/\/www.egemtv.com\/index.php?rest_route=%2Fwp%2Fv2%2Fmedia&parent=84005"}],"wp:term":[{"taxonomy":"category","embeddable":true,"href":"https:\/\/www.egemtv.com\/index.php?rest_route=%2Fwp%2Fv2%2Fcategories&post=84005"},{"taxonomy":"post_tag","embeddable":true,"href":"https:\/\/www.egemtv.com\/index.php?rest_route=%2Fwp%2Fv2%2Ftags&post=84005"}],"curies":[{"name":"wp","href":"https:\/\/api.w.org\/{rel}","templated":true}]}}