{"id":84002,"date":"2026-01-30T09:55:13","date_gmt":"2026-01-30T06:55:13","guid":{"rendered":"https:\/\/www.egemtv.com\/?p=84002"},"modified":"2026-01-30T09:55:13","modified_gmt":"2026-01-30T06:55:13","slug":"dumlupinar-diorama-muzesi-yogun-ilgi-goruyor","status":"publish","type":"post","link":"https:\/\/www.egemtv.com\/?p=84002","title":{"rendered":"Dumlup\u0131nar Diorama M\u00fczesi yo\u011fun ilgi g\u00f6r\u00fcyor"},"content":{"rendered":"<p>K\u00fctahya \u0130l \u00d6zel \u0130daresi taraf\u0131ndan hayata ge\u00e7irilen Dumlup\u0131nar Diorama M\u00fczesi, a\u00e7\u0131ld\u0131\u011f\u0131 g\u00fcnden bu yana ziyaret\u00e7ilerin yo\u011fun ilgisiyle kar\u015f\u0131lan\u0131yor.<br \/>\n<br \/>B\u00fcy\u00fck Zafer\u2019in kazan\u0131ld\u0131\u011f\u0131 ve Cumhuriyet\u2019in temellerinin at\u0131ld\u0131\u011f\u0131 Dumlup\u0131nar\u2019da hizmete giren m\u00fcze, Gazi Mustafa Kemal Atat\u00fcrk\u2019\u00fcn \u00f6nderli\u011finde kazan\u0131lan 30 A\u011fustos Zaferi\u2019ni gen\u00e7ler, \u00e7ocuklar ve t\u00fcm ziyaret\u00e7ilere etkileyici bir anlat\u0131mla aktarmay\u0131 ama\u00e7l\u0131yor. \u015eehitlerin hat\u0131ras\u0131n\u0131 ya\u015fatmak ve Milli M\u00fccadele ruhunu gelecek nesillere aktarmak amac\u0131yla \u00f6nemli bir emek ve kaynakla hayata ge\u00e7irilen m\u00fczenin, ge\u00e7mi\u015f ile gelecek aras\u0131nda g\u00fc\u00e7l\u00fc bir k\u00f6pr\u00fc kurdu\u011fu ifade edildi. 30 A\u011fustos 2025 tarihinde halk\u0131n hizmetine sunulan Dumlup\u0131nar Diorama M\u00fczesi, a\u00e7\u0131l\u0131\u015f\u0131n\u0131n ard\u0131ndan k\u0131sa s\u00fcrede yo\u011fun ziyaret\u00e7i ak\u0131n\u0131na u\u011frad\u0131. M\u00fcze, 30 Aral\u0131k 2025 tarihine kadar ge\u00e7en s\u00fcrede toplam 14 bin 33 ziyaret\u00e7iyi a\u011f\u0131rlad\u0131. B\u00fcy\u00fck Zafer\u2019in 100. y\u0131l\u0131na \u00f6zel olarak haz\u0131rlanan m\u00fczeye g\u00f6sterilen ilginin, \u00f6n\u00fcm\u00fczdeki aylarda ve y\u0131llarda artarak devam etmesi hedefleniyor.<\/p>\n<p>&#8220;Dumlup\u0131nar\u2019\u0131n tan\u0131t\u0131m\u0131 a\u00e7\u0131s\u0131ndan \u00e7ok \u00f6nemli&#8221;<br \/>\n<br \/>K\u00fctahya Y\u00fcz\u00fcnc\u00fc Y\u0131l Tarih K\u00fclt\u00fcr Sanat ve Foto\u011fraf Derne\u011fi Ba\u015fkan\u0131 Ya\u015far Sayg\u0131l\u0131 da m\u00fczeye ili\u015fkin de\u011ferlendirmelerde bulundu. Sayg\u0131l\u0131, Dumlup\u0131nar Diorama M\u00fczesi\u2019nin 30 A\u011fustos 1922\u2019de ya\u015fanan B\u00fcy\u00fck Zafer\u2019in t\u00fcm safhalar\u0131n\u0131 oda oda anlatan \u00f6zel bir anlat\u0131ma sahip oldu\u011funu belirterek, m\u00fczenin 30 A\u011fustos 2025\u2019te Gen\u00e7lik ve Spor Bakan\u0131 Osman A\u015fk\u0131n Bak ve Vali Musa I\u015f\u0131n\u2019\u0131n kat\u0131l\u0131m\u0131yla a\u00e7\u0131ld\u0131\u011f\u0131n\u0131 s\u00f6yledi. M\u00fczenin, bulundu\u011fu alan itibar\u0131yla \u015fehitliklere yak\u0131n olmas\u0131n\u0131n ziyaret a\u00e7\u0131s\u0131ndan \u00f6nemli bir avantaj sa\u011flad\u0131\u011f\u0131n\u0131 vurgulayan Sayg\u0131l\u0131, &#8220;Kafeteryas\u0131, gen\u00e7lik merkezi ve sosyal alanlar\u0131yla vatanda\u015flar\u0131m\u0131z\u0131n rahat\u00e7a vakit ge\u00e7irebilece\u011fi nezih bir ortam olu\u015fturuldu. M\u00fcze, yakla\u015f\u0131k 8,5 ay gibi k\u0131sa bir s\u00fcrede tamamland\u0131. Ba\u015fta Valimiz Musa I\u015f\u0131n olmak \u00fczere \u0130l \u00d6zel \u0130daresi y\u00f6neticilerimizin ve eme\u011fi ge\u00e7en herkesin b\u00fcy\u00fck katk\u0131s\u0131 var. Hepsine te\u015fekk\u00fcr ediyorum&#8221; dedi.<br \/>\n<br \/>Dumlup\u0131nar\u2019\u0131n T\u00fcrkiye Cumhuriyeti\u2019nin temellerinin at\u0131ld\u0131\u011f\u0131 yer oldu\u011funa dikkat \u00e7eken Sayg\u0131l\u0131, m\u00fczenin b\u00f6lgenin tan\u0131t\u0131m\u0131 a\u00e7\u0131s\u0131ndan da b\u00fcy\u00fck \u00f6nem ta\u015f\u0131d\u0131\u011f\u0131n\u0131 ifade ederek, t\u00fcm vatanda\u015flar\u0131 Dumlup\u0131nar\u2019\u0131 ve m\u00fczeleri ziyaret etmeye davet etti.<br \/>\n<br \/>M\u00fczeyi gezen ziyaret\u00e7ilerden Fatma \u00d6zmeral ve \u015e\u00fckr\u00fc Gen\u00e7 ise Dumlup\u0131nar Diorama M\u00fczesi\u2019nden olduk\u00e7a etkilendiklerini belirterek, m\u00fczenin yap\u0131m\u0131nda eme\u011fi ge\u00e7enlere te\u015fekk\u00fcr etti.<br \/><\/p>\n","protected":false},"excerpt":{"rendered":"<p>K\u00fctahya \u0130l \u00d6zel \u0130daresi taraf\u0131ndan hayata ge\u00e7irilen Dumlup\u0131nar Diorama M\u00fczesi, a\u00e7\u0131ld\u0131\u011f\u0131 g\u00fcnden bu yana ziyaret\u00e7ilerin yo\u011fun ilgisiyle kar\u015f\u0131lan\u0131yor. B\u00fcy\u00fck Zafer\u2019in kazan\u0131ld\u0131\u011f\u0131 ve Cumhuriyet\u2019in temellerinin at\u0131ld\u0131\u011f\u0131 Dumlup\u0131nar\u2019da hizmete giren m\u00fcze, Gazi Mustafa Kemal Atat\u00fcrk\u2019\u00fcn \u00f6nderli\u011finde kazan\u0131lan 30 A\u011fustos Zaferi\u2019ni gen\u00e7ler, \u00e7ocuklar ve t\u00fcm ziyaret\u00e7ilere etkileyici bir anlat\u0131mla aktarmay\u0131 ama\u00e7l\u0131yor. \u015eehitlerin hat\u0131ras\u0131n\u0131 ya\u015fatmak ve Milli M\u00fccadele ruhunu&#8230;<\/p>\n","protected":false},"author":1,"featured_media":84003,"comment_status":"open","ping_status":"open","sticky":false,"template":"","format":"standard","meta":{"_crdt_document":"","footnotes":""},"categories":[1],"tags":[],"class_list":["post-84002","post","type-post","status-publish","format-standard","has-post-thumbnail","hentry","category-guncel"],"_links":{"self":[{"href":"https:\/\/www.egemtv.com\/index.php?rest_route=\/wp\/v2\/posts\/84002","targetHints":{"allow":["GET"]}}],"collection":[{"href":"https:\/\/www.egemtv.com\/index.php?rest_route=\/wp\/v2\/posts"}],"about":[{"href":"https:\/\/www.egemtv.com\/index.php?rest_route=\/wp\/v2\/types\/post"}],"author":[{"embeddable":true,"href":"https:\/\/www.egemtv.com\/index.php?rest_route=\/wp\/v2\/users\/1"}],"replies":[{"embeddable":true,"href":"https:\/\/www.egemtv.com\/index.php?rest_route=%2Fwp%2Fv2%2Fcomments&post=84002"}],"version-history":[{"count":1,"href":"https:\/\/www.egemtv.com\/index.php?rest_route=\/wp\/v2\/posts\/84002\/revisions"}],"predecessor-version":[{"id":84004,"href":"https:\/\/www.egemtv.com\/index.php?rest_route=\/wp\/v2\/posts\/84002\/revisions\/84004"}],"wp:featuredmedia":[{"embeddable":true,"href":"https:\/\/www.egemtv.com\/index.php?rest_route=\/wp\/v2\/media\/84003"}],"wp:attachment":[{"href":"https:\/\/www.egemtv.com\/index.php?rest_route=%2Fwp%2Fv2%2Fmedia&parent=84002"}],"wp:term":[{"taxonomy":"category","embeddable":true,"href":"https:\/\/www.egemtv.com\/index.php?rest_route=%2Fwp%2Fv2%2Fcategories&post=84002"},{"taxonomy":"post_tag","embeddable":true,"href":"https:\/\/www.egemtv.com\/index.php?rest_route=%2Fwp%2Fv2%2Ftags&post=84002"}],"curies":[{"name":"wp","href":"https:\/\/api.w.org\/{rel}","templated":true}]}}