{"id":83999,"date":"2026-01-30T09:34:47","date_gmt":"2026-01-30T06:34:47","guid":{"rendered":"https:\/\/www.egemtv.com\/?p=83999"},"modified":"2026-01-30T09:34:48","modified_gmt":"2026-01-30T06:34:48","slug":"gencler-acil-ve-ilk-yardim-konusunda-bilinclendirildi","status":"publish","type":"post","link":"https:\/\/www.egemtv.com\/?p=83999","title":{"rendered":"Gen\u00e7ler acil ve ilk yard\u0131m konusunda bilin\u00e7lendirildi"},"content":{"rendered":"<p>Ayd\u0131n \u00dclk\u00fc Ocaklar\u0131 \u0130l Ba\u015fkanl\u0131\u011f\u0131 taraf\u0131ndan gen\u00e7lere y\u00f6nelik Acil ve \u0130lk Yard\u0131m semineri ger\u00e7ekle\u015ftirilirken, gen\u00e7ler hayati m\u00fcdahaleler konusunda bilin\u00e7lendirildi.<\/p>\n<p>Ayd\u0131n \u00dclk\u00fc Ocaklar\u0131 \u0130l Ba\u015fkanl\u0131\u011f\u0131 taraf\u0131ndan d\u00fczenlenen Yusuf Ak\u00e7ura Yar\u0131y\u0131l E\u011fitim Seminerleri kapsam\u0131nda gen\u00e7lere y\u00f6nelik &#8220;Acil ve \u0130lk Yard\u0131m&#8221; semineri ger\u00e7ekle\u015ftirildi. Seminerde, Dr. Esedullah Erkin taraf\u0131ndan gen\u00e7lere acil durumlarda yap\u0131lmas\u0131 gerekenler, temel ya\u015fam deste\u011fi, do\u011fru ve so\u011fukkanl\u0131 m\u00fcdahalenin \u00f6nemi gibi hayati konularda bilgiler aktar\u0131ld\u0131. Gen\u00e7ler, muhtemel acil durumlarda bilin\u00e7li hareket etmenin hayat kurtar\u0131c\u0131 rol\u00fc hakk\u0131nda fark\u0131ndal\u0131k kazand\u0131. Ayd\u0131n \u00dclk\u00fc Ocaklar\u0131 \u0130l Ba\u015fkanl\u0131\u011f\u0131\u2019ndan yap\u0131lan a\u00e7\u0131klamada, &#8220;Bilin\u00e7li m\u00fcdahale hayat kurtar\u0131r, donan\u0131ml\u0131 gen\u00e7lik gelece\u011fi in\u015fa eder. Yusuf Ak\u00e7ura Yar\u0131y\u0131l E\u011fitim Seminerleri kapsam\u0131nda, Dr. Esedullah Erkin taraf\u0131ndan gen\u00e7lerimize y\u00f6nelik \u2019Acil ve \u0130lk Yard\u0131m\u2019 semineri ger\u00e7ekle\u015ftirilmi\u015ftir. Seminerde, acil durumlarda yap\u0131lmas\u0131 gerekenler, temel ya\u015fam deste\u011fi ve so\u011fukkanl\u0131 m\u00fcdahale konular\u0131nda gen\u00e7lerimiz hayati bilgiler edinmi\u015flerdir. K\u0131ymetli bilgilerini bizlerle payla\u015fan Dr. Esedullah Erkin\u2019e te\u015fekk\u00fcr ederiz&#8221; ifadeleri yer ald\u0131.<br \/><\/p>\n","protected":false},"excerpt":{"rendered":"<p>Ayd\u0131n \u00dclk\u00fc Ocaklar\u0131 \u0130l Ba\u015fkanl\u0131\u011f\u0131 taraf\u0131ndan gen\u00e7lere y\u00f6nelik Acil ve \u0130lk Yard\u0131m semineri ger\u00e7ekle\u015ftirilirken, gen\u00e7ler hayati m\u00fcdahaleler konusunda bilin\u00e7lendirildi. Ayd\u0131n \u00dclk\u00fc Ocaklar\u0131 \u0130l Ba\u015fkanl\u0131\u011f\u0131 taraf\u0131ndan d\u00fczenlenen Yusuf Ak\u00e7ura Yar\u0131y\u0131l E\u011fitim Seminerleri kapsam\u0131nda gen\u00e7lere y\u00f6nelik &#8220;Acil ve \u0130lk Yard\u0131m&#8221; semineri ger\u00e7ekle\u015ftirildi. Seminerde, Dr. Esedullah Erkin taraf\u0131ndan gen\u00e7lere acil durumlarda yap\u0131lmas\u0131 gerekenler, temel ya\u015fam deste\u011fi, do\u011fru ve&#8230;<\/p>\n","protected":false},"author":1,"featured_media":84000,"comment_status":"open","ping_status":"open","sticky":false,"template":"","format":"standard","meta":{"_crdt_document":"","footnotes":""},"categories":[2],"tags":[],"class_list":["post-83999","post","type-post","status-publish","format-standard","has-post-thumbnail","hentry","category-saglik"],"_links":{"self":[{"href":"https:\/\/www.egemtv.com\/index.php?rest_route=\/wp\/v2\/posts\/83999","targetHints":{"allow":["GET"]}}],"collection":[{"href":"https:\/\/www.egemtv.com\/index.php?rest_route=\/wp\/v2\/posts"}],"about":[{"href":"https:\/\/www.egemtv.com\/index.php?rest_route=\/wp\/v2\/types\/post"}],"author":[{"embeddable":true,"href":"https:\/\/www.egemtv.com\/index.php?rest_route=\/wp\/v2\/users\/1"}],"replies":[{"embeddable":true,"href":"https:\/\/www.egemtv.com\/index.php?rest_route=%2Fwp%2Fv2%2Fcomments&post=83999"}],"version-history":[{"count":1,"href":"https:\/\/www.egemtv.com\/index.php?rest_route=\/wp\/v2\/posts\/83999\/revisions"}],"predecessor-version":[{"id":84001,"href":"https:\/\/www.egemtv.com\/index.php?rest_route=\/wp\/v2\/posts\/83999\/revisions\/84001"}],"wp:featuredmedia":[{"embeddable":true,"href":"https:\/\/www.egemtv.com\/index.php?rest_route=\/wp\/v2\/media\/84000"}],"wp:attachment":[{"href":"https:\/\/www.egemtv.com\/index.php?rest_route=%2Fwp%2Fv2%2Fmedia&parent=83999"}],"wp:term":[{"taxonomy":"category","embeddable":true,"href":"https:\/\/www.egemtv.com\/index.php?rest_route=%2Fwp%2Fv2%2Fcategories&post=83999"},{"taxonomy":"post_tag","embeddable":true,"href":"https:\/\/www.egemtv.com\/index.php?rest_route=%2Fwp%2Fv2%2Ftags&post=83999"}],"curies":[{"name":"wp","href":"https:\/\/api.w.org\/{rel}","templated":true}]}}