{"id":83993,"date":"2026-01-29T23:54:49","date_gmt":"2026-01-29T20:54:49","guid":{"rendered":"https:\/\/www.egemtv.com\/?p=83993"},"modified":"2026-01-29T23:54:50","modified_gmt":"2026-01-29T20:54:50","slug":"manisada-saganak-yagis-etkili-oldu-otomobil-dereye-dustu-elektrikli-otomobil-alev-aldi","status":"publish","type":"post","link":"https:\/\/www.egemtv.com\/?p=83993","title":{"rendered":"Manisa\u2019da sa\u011fanak ya\u011f\u0131\u015f etkili oldu: Otomobil dereye d\u00fc\u015ft\u00fc, elektrikli otomobil alev ald\u0131"},"content":{"rendered":"<p>Manisa\u2019da ak\u015fam saatlerinde etkisini art\u0131ran \u015fiddetli sa\u011fanak su ta\u015fk\u0131nlar\u0131na neden olurken, sel sular\u0131n\u0131n s\u00fcr\u00fckledi\u011fi bir otomobil dereye d\u00fc\u015ft\u00fc, \u015farj istasyonundaki bir ara\u00e7ta ise yang\u0131n \u00e7\u0131kt\u0131. Manisa Su ve Kanalizasyon \u0130daresi (MASK\u0130) ve itfaiye ekipleri ise su ta\u015fk\u0131nlar\u0131n\u0131n ya\u015fand\u0131\u011f\u0131 noktalarda tahliye \u00e7al\u0131\u015fmalar\u0131n\u0131 aral\u0131ks\u0131z s\u00fcrd\u00fcr\u00fcyor.<br \/>\n<br \/>Manisa il merkezinde ak\u015fam saatlerinde ba\u015flayan sa\u011fanak ya\u011f\u0131\u015f, hayat\u0131 olumsuz etkiledi. Aral\u0131ks\u0131z s\u00fcren ya\u011f\u0131\u015f nedeniyle baz\u0131 su kanallar\u0131 ta\u015farken, ana arterlerde ve caddelerde su birikintileri olu\u015ftu. Kent merkezinden ge\u00e7en \u00c7ayba\u015f\u0131 Deresi\u2019nde de debinin y\u00fckselmesiyle birlikte ta\u015fk\u0131n meydana geldi. Spil Da\u011f\u0131 eteklerinden gelen kuvvetli sel sular\u0131, \u00c7ayba\u015f\u0131 Deresi yata\u011f\u0131nda su seviyesini aniden y\u00fckseltti. Bu s\u0131rada dere kenar\u0131nda park halinde bulunan bir otomobil, ak\u0131nt\u0131ya kap\u0131larak dere i\u00e7erisine s\u00fcr\u00fcklendi. Maddi hasar\u0131n meydana geldi\u011fi olayda, \u00e7evredeki vatanda\u015flar\u0131n ihbar\u0131 \u00fczerine b\u00f6lgede g\u00fcvenlik \u00f6nlemleri al\u0131nd\u0131.<\/p>\n<p>Kaplumba\u011fa son anda kurtar\u0131ld\u0131<br \/>\n<br \/>Sa\u011fanak ya\u011f\u0131\u015f\u0131n beraberinde getirdi\u011fi sel sular\u0131 sadece ara\u00e7lar\u0131 de\u011fil, yaban hayat\u0131n\u0131 da olumsuz etkiledi. Ak\u0131nt\u0131n\u0131n \u015fiddetiyle s\u00fcr\u00fcklenen bir kaplumba\u011fay\u0131 fark eden vatanda\u015flar, kendi imkanlar\u0131yla m\u00fcdahale ederek hayvan\u0131 suyun i\u00e7inden \u00e7\u0131kard\u0131.<\/p>\n<p>MASK\u0130 ve B\u00fcy\u00fck\u015fehir ekipleri tam kadro sahada<br \/>\n<br \/>Manisa B\u00fcy\u00fck\u015fehir Belediyesi ve MASK\u0130 Genel M\u00fcd\u00fcrl\u00fc\u011f\u00fc ekipleri de ya\u011f\u0131\u015f\u0131n ilk anlar\u0131ndan itibaren su tahliyesi ve kanal temizli\u011fi i\u00e7in tam kadro sahada \u00e7al\u0131\u015fmalar\u0131n\u0131 s\u00fcrd\u00fcr\u00fcyor. \u0130tfaiye ekiplerinin de gelen ihbarlara koordineli bir \u015fekilde yan\u0131t verdi\u011fi kentte, ekiplerin kritik noktalardaki n\u00f6beti ve m\u00fcdahaleleri aral\u0131ks\u0131z devam ediyor.<\/p>\n<p>Elektrikli otomobil \u015farj istasyonunda yand\u0131<br \/>\n<br \/>Ya\u011f\u0131\u015f\u0131n etkisini s\u00fcrd\u00fcrd\u00fc\u011f\u00fc dakikalarda, bir \u015farj istasyonunda park halinde bulunan elektrikli otomobilde yang\u0131n \u00e7\u0131kt\u0131. K\u0131sa s\u00fcrede b\u00fcy\u00fcyerek arac\u0131 saran alevlere, Manisa B\u00fcy\u00fck\u015fehir Belediyesi itfaiye ekipleri m\u00fcdahale etti. Sa\u011fana\u011f\u0131n etkisiyle \u015farj sisteminde meydana gelen k\u0131sa devreden kaynakland\u0131\u011f\u0131 iddia edilen yang\u0131n, ekiplerin yo\u011fun \u00e7abas\u0131yla s\u00f6nd\u00fcr\u00fcld\u00fc. Yang\u0131n sonras\u0131 ara\u00e7ta b\u00fcy\u00fck \u00e7apta maddi hasar olu\u015furken, kesin \u00e7\u0131k\u0131\u015f nedeninin belirlenmesi i\u00e7in inceleme ba\u015flat\u0131ld\u0131.<br \/><\/p>\n","protected":false},"excerpt":{"rendered":"<p>Manisa\u2019da ak\u015fam saatlerinde etkisini art\u0131ran \u015fiddetli sa\u011fanak su ta\u015fk\u0131nlar\u0131na neden olurken, sel sular\u0131n\u0131n s\u00fcr\u00fckledi\u011fi bir otomobil dereye d\u00fc\u015ft\u00fc, \u015farj istasyonundaki bir ara\u00e7ta ise yang\u0131n \u00e7\u0131kt\u0131. Manisa Su ve Kanalizasyon \u0130daresi (MASK\u0130) ve itfaiye ekipleri ise su ta\u015fk\u0131nlar\u0131n\u0131n ya\u015fand\u0131\u011f\u0131 noktalarda tahliye \u00e7al\u0131\u015fmalar\u0131n\u0131 aral\u0131ks\u0131z s\u00fcrd\u00fcr\u00fcyor. Manisa il merkezinde ak\u015fam saatlerinde ba\u015flayan sa\u011fanak ya\u011f\u0131\u015f, hayat\u0131 olumsuz etkiledi. Aral\u0131ks\u0131z&#8230;<\/p>\n","protected":false},"author":1,"featured_media":83994,"comment_status":"open","ping_status":"open","sticky":false,"template":"","format":"standard","meta":{"_crdt_document":"","footnotes":""},"categories":[5],"tags":[],"class_list":["post-83993","post","type-post","status-publish","format-standard","has-post-thumbnail","hentry","category-asayis"],"_links":{"self":[{"href":"https:\/\/www.egemtv.com\/index.php?rest_route=\/wp\/v2\/posts\/83993","targetHints":{"allow":["GET"]}}],"collection":[{"href":"https:\/\/www.egemtv.com\/index.php?rest_route=\/wp\/v2\/posts"}],"about":[{"href":"https:\/\/www.egemtv.com\/index.php?rest_route=\/wp\/v2\/types\/post"}],"author":[{"embeddable":true,"href":"https:\/\/www.egemtv.com\/index.php?rest_route=\/wp\/v2\/users\/1"}],"replies":[{"embeddable":true,"href":"https:\/\/www.egemtv.com\/index.php?rest_route=%2Fwp%2Fv2%2Fcomments&post=83993"}],"version-history":[{"count":1,"href":"https:\/\/www.egemtv.com\/index.php?rest_route=\/wp\/v2\/posts\/83993\/revisions"}],"predecessor-version":[{"id":83995,"href":"https:\/\/www.egemtv.com\/index.php?rest_route=\/wp\/v2\/posts\/83993\/revisions\/83995"}],"wp:featuredmedia":[{"embeddable":true,"href":"https:\/\/www.egemtv.com\/index.php?rest_route=\/wp\/v2\/media\/83994"}],"wp:attachment":[{"href":"https:\/\/www.egemtv.com\/index.php?rest_route=%2Fwp%2Fv2%2Fmedia&parent=83993"}],"wp:term":[{"taxonomy":"category","embeddable":true,"href":"https:\/\/www.egemtv.com\/index.php?rest_route=%2Fwp%2Fv2%2Fcategories&post=83993"},{"taxonomy":"post_tag","embeddable":true,"href":"https:\/\/www.egemtv.com\/index.php?rest_route=%2Fwp%2Fv2%2Ftags&post=83993"}],"curies":[{"name":"wp","href":"https:\/\/api.w.org\/{rel}","templated":true}]}}