{"id":83990,"date":"2026-01-29T23:34:44","date_gmt":"2026-01-29T20:34:44","guid":{"rendered":"https:\/\/www.egemtv.com\/?p=83990"},"modified":"2026-01-29T23:34:44","modified_gmt":"2026-01-29T20:34:44","slug":"denizli-valiligi-firtina-nedeniyle-motorlu-kurye-faaliyetlerini-durdurdu","status":"publish","type":"post","link":"https:\/\/www.egemtv.com\/?p=83990","title":{"rendered":"Denizli Valili\u011fi f\u0131rt\u0131na nedeniyle motorlu kurye faaliyetlerini durdurdu"},"content":{"rendered":"<p>Meteoroloji verileri do\u011frultusunda etkisini s\u00fcrd\u00fcrecek yo\u011fun f\u0131rt\u0131na nedeniyle Denizli Valili\u011fi, motosiklet, elektrikli scooter ve motorlu kuryelerin il merkezinde trafi\u011fe \u00e7\u0131k\u0131\u015f\u0131 ge\u00e7ici olarak durdurdu.<br \/>\n<br \/>Meteoroloji 5. B\u00f6lge M\u00fcd\u00fcrl\u00fc\u011f\u00fcnden al\u0131nan veriler do\u011frultusunda il genelinde etkili olmas\u0131 beklenen yo\u011fun f\u0131rt\u0131na nedeniyle, can ve mal g\u00fcvenli\u011finin sa\u011flanmas\u0131 amac\u0131yla motorlu kurye faaliyetlerine ara verildi. Denizli Valili\u011fi taraf\u0131ndan yap\u0131lan yaz\u0131l\u0131 a\u00e7\u0131klamada, motosiklet, elektrikli scooter ve motorlu kuryelerin il merkezinde trafi\u011fe \u00e7\u0131k\u0131\u015flar\u0131 29 Ocak 2026 Per\u015fembe g\u00fcn\u00fc saat 19.30\u2019dan, 30 Ocak 2026 Cuma g\u00fcn\u00fc saat 09.00\u2019a kadar durduruldu\u011fu ifade edildi.<br \/><\/p>\n","protected":false},"excerpt":{"rendered":"<p>Meteoroloji verileri do\u011frultusunda etkisini s\u00fcrd\u00fcrecek yo\u011fun f\u0131rt\u0131na nedeniyle Denizli Valili\u011fi, motosiklet, elektrikli scooter ve motorlu kuryelerin il merkezinde trafi\u011fe \u00e7\u0131k\u0131\u015f\u0131 ge\u00e7ici olarak durdurdu. Meteoroloji 5. B\u00f6lge M\u00fcd\u00fcrl\u00fc\u011f\u00fcnden al\u0131nan veriler do\u011frultusunda il genelinde etkili olmas\u0131 beklenen yo\u011fun f\u0131rt\u0131na nedeniyle, can ve mal g\u00fcvenli\u011finin sa\u011flanmas\u0131 amac\u0131yla motorlu kurye faaliyetlerine ara verildi. Denizli Valili\u011fi taraf\u0131ndan yap\u0131lan yaz\u0131l\u0131 a\u00e7\u0131klamada,&#8230;<\/p>\n","protected":false},"author":1,"featured_media":83991,"comment_status":"open","ping_status":"open","sticky":false,"template":"","format":"standard","meta":{"_crdt_document":"","footnotes":""},"categories":[5],"tags":[],"class_list":["post-83990","post","type-post","status-publish","format-standard","has-post-thumbnail","hentry","category-asayis"],"_links":{"self":[{"href":"https:\/\/www.egemtv.com\/index.php?rest_route=\/wp\/v2\/posts\/83990","targetHints":{"allow":["GET"]}}],"collection":[{"href":"https:\/\/www.egemtv.com\/index.php?rest_route=\/wp\/v2\/posts"}],"about":[{"href":"https:\/\/www.egemtv.com\/index.php?rest_route=\/wp\/v2\/types\/post"}],"author":[{"embeddable":true,"href":"https:\/\/www.egemtv.com\/index.php?rest_route=\/wp\/v2\/users\/1"}],"replies":[{"embeddable":true,"href":"https:\/\/www.egemtv.com\/index.php?rest_route=%2Fwp%2Fv2%2Fcomments&post=83990"}],"version-history":[{"count":1,"href":"https:\/\/www.egemtv.com\/index.php?rest_route=\/wp\/v2\/posts\/83990\/revisions"}],"predecessor-version":[{"id":83992,"href":"https:\/\/www.egemtv.com\/index.php?rest_route=\/wp\/v2\/posts\/83990\/revisions\/83992"}],"wp:featuredmedia":[{"embeddable":true,"href":"https:\/\/www.egemtv.com\/index.php?rest_route=\/wp\/v2\/media\/83991"}],"wp:attachment":[{"href":"https:\/\/www.egemtv.com\/index.php?rest_route=%2Fwp%2Fv2%2Fmedia&parent=83990"}],"wp:term":[{"taxonomy":"category","embeddable":true,"href":"https:\/\/www.egemtv.com\/index.php?rest_route=%2Fwp%2Fv2%2Fcategories&post=83990"},{"taxonomy":"post_tag","embeddable":true,"href":"https:\/\/www.egemtv.com\/index.php?rest_route=%2Fwp%2Fv2%2Ftags&post=83990"}],"curies":[{"name":"wp","href":"https:\/\/api.w.org\/{rel}","templated":true}]}}