{"id":83987,"date":"2026-01-29T23:34:43","date_gmt":"2026-01-29T20:34:43","guid":{"rendered":"https:\/\/www.egemtv.com\/?p=83987"},"modified":"2026-01-29T23:34:44","modified_gmt":"2026-01-29T20:34:44","slug":"firtina-mezarlikta-agaclari-devirdi-belediye-ekipleri-aninda-mudahale-etti","status":"publish","type":"post","link":"https:\/\/www.egemtv.com\/?p=83987","title":{"rendered":"F\u0131rt\u0131na mezarl\u0131kta a\u011fa\u00e7lar\u0131 devirdi, belediye ekipleri an\u0131nda m\u00fcdahale etti"},"content":{"rendered":"<p>Ayd\u0131n\u2019\u0131n Germencik il\u00e7esinde etkili olan \u015fiddetli ya\u011f\u0131\u015f ve f\u0131rt\u0131na nedeniyle Mursall\u0131 Mezarl\u0131\u011f\u0131\u2019ndaki a\u011fa\u00e7lar devrilirken, Germencik Belediyesi ekiplerinin h\u0131zl\u0131 m\u00fcdahalesi muhtemel zararlar\u0131n \u00f6n\u00fcne ge\u00e7ti.<\/p>\n<p>Ayd\u0131n genelinde etkili olan ya\u011f\u0131\u015fl\u0131 hava hayat\u0131 olumsuz etkilerken Germencik il\u00e7esinde ak\u015fam saatlerinde ya\u015fanan f\u0131rt\u0131na sebebiyle Mursall\u0131 Mezarl\u0131\u011f\u0131\u2019ndaki a\u011fa\u00e7lar devrildi. Vatanda\u015flar\u0131n ihbar\u0131 \u00fczerine, olumsuz hava \u015fartlar\u0131 sebebiyle sahada teyakkuz halinde olan Germencik Belediyesi ekipleri h\u0131zla b\u00f6lgeye gitti. K\u0131sa s\u00fcrede b\u00f6lgeye varan ekipler, duruma m\u00fcdahale ederek a\u011fa\u00e7lar\u0131n mezarlara zarar vermesini \u00f6nledi. Ayr\u0131ca ana yol g\u00fczergah\u0131nda ula\u015f\u0131m\u0131 da engelleyen a\u011fa\u00e7lar, kald\u0131r\u0131larak yol yeniden kullan\u0131ma a\u00e7\u0131ld\u0131. Mahalle Muhtar\u0131 Ali Demir ve vatanda\u015flar, h\u0131zl\u0131 m\u00fcdahale i\u00e7in Belediye Ba\u015fkan\u0131 Burak Zencirci ve ekiplere te\u015fekk\u00fcr etti. Sa\u011fanak ya\u011f\u0131\u015f ve f\u0131rt\u0131na uyar\u0131s\u0131 dolay\u0131s\u0131yla teyakkuzda olduklar\u0131n\u0131 ifade eden Ba\u015fkan Zencici ise vatanda\u015flar\u0131 olumsuzluklara kar\u015f\u0131 dikkatli ve tedbirli olmalar\u0131 konusunda uyard\u0131.<br \/><\/p>\n","protected":false},"excerpt":{"rendered":"<p>Ayd\u0131n\u2019\u0131n Germencik il\u00e7esinde etkili olan \u015fiddetli ya\u011f\u0131\u015f ve f\u0131rt\u0131na nedeniyle Mursall\u0131 Mezarl\u0131\u011f\u0131\u2019ndaki a\u011fa\u00e7lar devrilirken, Germencik Belediyesi ekiplerinin h\u0131zl\u0131 m\u00fcdahalesi muhtemel zararlar\u0131n \u00f6n\u00fcne ge\u00e7ti. Ayd\u0131n genelinde etkili olan ya\u011f\u0131\u015fl\u0131 hava hayat\u0131 olumsuz etkilerken Germencik il\u00e7esinde ak\u015fam saatlerinde ya\u015fanan f\u0131rt\u0131na sebebiyle Mursall\u0131 Mezarl\u0131\u011f\u0131\u2019ndaki a\u011fa\u00e7lar devrildi. Vatanda\u015flar\u0131n ihbar\u0131 \u00fczerine, olumsuz hava \u015fartlar\u0131 sebebiyle sahada teyakkuz halinde olan Germencik&#8230;<\/p>\n","protected":false},"author":1,"featured_media":83988,"comment_status":"open","ping_status":"open","sticky":false,"template":"","format":"standard","meta":{"_crdt_document":"","footnotes":""},"categories":[5],"tags":[],"class_list":["post-83987","post","type-post","status-publish","format-standard","has-post-thumbnail","hentry","category-asayis"],"_links":{"self":[{"href":"https:\/\/www.egemtv.com\/index.php?rest_route=\/wp\/v2\/posts\/83987","targetHints":{"allow":["GET"]}}],"collection":[{"href":"https:\/\/www.egemtv.com\/index.php?rest_route=\/wp\/v2\/posts"}],"about":[{"href":"https:\/\/www.egemtv.com\/index.php?rest_route=\/wp\/v2\/types\/post"}],"author":[{"embeddable":true,"href":"https:\/\/www.egemtv.com\/index.php?rest_route=\/wp\/v2\/users\/1"}],"replies":[{"embeddable":true,"href":"https:\/\/www.egemtv.com\/index.php?rest_route=%2Fwp%2Fv2%2Fcomments&post=83987"}],"version-history":[{"count":1,"href":"https:\/\/www.egemtv.com\/index.php?rest_route=\/wp\/v2\/posts\/83987\/revisions"}],"predecessor-version":[{"id":83989,"href":"https:\/\/www.egemtv.com\/index.php?rest_route=\/wp\/v2\/posts\/83987\/revisions\/83989"}],"wp:featuredmedia":[{"embeddable":true,"href":"https:\/\/www.egemtv.com\/index.php?rest_route=\/wp\/v2\/media\/83988"}],"wp:attachment":[{"href":"https:\/\/www.egemtv.com\/index.php?rest_route=%2Fwp%2Fv2%2Fmedia&parent=83987"}],"wp:term":[{"taxonomy":"category","embeddable":true,"href":"https:\/\/www.egemtv.com\/index.php?rest_route=%2Fwp%2Fv2%2Fcategories&post=83987"},{"taxonomy":"post_tag","embeddable":true,"href":"https:\/\/www.egemtv.com\/index.php?rest_route=%2Fwp%2Fv2%2Ftags&post=83987"}],"curies":[{"name":"wp","href":"https:\/\/api.w.org\/{rel}","templated":true}]}}