{"id":83984,"date":"2026-01-29T23:14:41","date_gmt":"2026-01-29T20:14:41","guid":{"rendered":"https:\/\/www.egemtv.com\/?p=83984"},"modified":"2026-01-29T23:14:42","modified_gmt":"2026-01-29T20:14:42","slug":"izmirde-saganak-ve-firtina-hayati-felc-etti-sel-sulari-araclari-surukledi","status":"publish","type":"post","link":"https:\/\/www.egemtv.com\/?p=83984","title":{"rendered":"\u0130zmir\u2019de sa\u011fanak ve f\u0131rt\u0131na hayat\u0131 fel\u00e7 etti: Sel sular\u0131 ara\u00e7lar\u0131 s\u00fcr\u00fckledi"},"content":{"rendered":"<p>\u0130zmir\u2019de g\u00fcn boyu etkili olan kuvvetli sa\u011fanak ve f\u0131rt\u0131na, ak\u015fam saatlerinde \u015fiddetini art\u0131rarak kentte hayat\u0131 durma noktas\u0131na getirdi. \u00d6zellikle merkez il\u00e7elerde etkili olan ya\u011f\u0131\u015flar sonucu cadde ve sokaklar g\u00f6le d\u00f6nerken, \u00e7ok say\u0131da ara\u00e7 sular alt\u0131nda kald\u0131, ula\u015f\u0131mda aksamalar ya\u015fand\u0131.<br \/>\n<br \/>Kuvvetli ya\u011f\u0131\u015f ve f\u0131rt\u0131na; Buca, Konak, Karaba\u011flar ve Bornova il\u00e7elerinde yo\u011fun \u015fekilde hissedildi. Buca il\u00e7esine ba\u011fl\u0131 Vali Rahmi Bey ve Yaylac\u0131k mahallelerinde meydana gelen sel nedeniyle park halindeki ara\u00e7lar su alt\u0131nda kal\u0131rken, seyir halindeki s\u00fcr\u00fcc\u00fcler yollarda mahsur kald\u0131. Sel sular\u0131na kap\u0131lan bir motosiklet s\u00fcr\u00fcc\u00fcs\u00fcn\u00fcn yaraland\u0131\u011f\u0131, yine ak\u0131nt\u0131ya kap\u0131lan bir yayan\u0131n ise polis ekiplerinin m\u00fcdahalesiyle kurtar\u0131ld\u0131\u011f\u0131 \u00f6\u011frenildi.<\/p>\n<p>Ula\u015f\u0131m ve altyap\u0131 olumsuz etkilendi<br \/>\n<br \/>Konak il\u00e7esinde r\u00f6garlar\u0131n ta\u015fmas\u0131 sonucu ana arterlerde b\u00fcy\u00fck su birikintileri olu\u015ftu. Kemalpa\u015fa il\u00e7esinde de etkili olan sel sular\u0131, otomobilleri s\u00fcr\u00fckleyerek maddi hasara yol a\u00e7t\u0131. Kent genelinde trafik ak\u0131\u015f\u0131 yer yer durma noktas\u0131na gelirken, hem s\u00fcr\u00fcc\u00fcler hem de yayalar ilerlemekte g\u00fc\u00e7l\u00fck \u00e7ekti.<\/p>\n<p>Y\u0131ld\u0131r\u0131m d\u00fc\u015fmesi sonucu su kesintisi<br \/>\n<br \/>Halkap\u0131nar Pompa \u0130stasyonu\u2019na y\u0131ld\u0131r\u0131m d\u00fc\u015fmesi, kentin b\u00fcy\u00fck bir b\u00f6l\u00fcm\u00fcnde su kesintisine neden oldu. Ar\u0131za sebebiyle Buca, Bornova, Kar\u015f\u0131yaka ve \u00c7i\u011fli il\u00e7elerinde sular kesilirken; Karaba\u011flar, Gaziemir, Konak ve Bal\u00e7ova il\u00e7elerine ak\u015fam saatlerinde yeniden su verilmeye ba\u015fland\u0131.<br \/>\n<br \/>Ekiplerin kent genelindeki tahliye ve onar\u0131m \u00e7al\u0131\u015fmalar\u0131 s\u00fcr\u00fcyor.<br \/><\/p>\n","protected":false},"excerpt":{"rendered":"<p>\u0130zmir\u2019de g\u00fcn boyu etkili olan kuvvetli sa\u011fanak ve f\u0131rt\u0131na, ak\u015fam saatlerinde \u015fiddetini art\u0131rarak kentte hayat\u0131 durma noktas\u0131na getirdi. \u00d6zellikle merkez il\u00e7elerde etkili olan ya\u011f\u0131\u015flar sonucu cadde ve sokaklar g\u00f6le d\u00f6nerken, \u00e7ok say\u0131da ara\u00e7 sular alt\u0131nda kald\u0131, ula\u015f\u0131mda aksamalar ya\u015fand\u0131. Kuvvetli ya\u011f\u0131\u015f ve f\u0131rt\u0131na; Buca, Konak, Karaba\u011flar ve Bornova il\u00e7elerinde yo\u011fun \u015fekilde hissedildi. Buca il\u00e7esine ba\u011fl\u0131&#8230;<\/p>\n","protected":false},"author":1,"featured_media":83985,"comment_status":"open","ping_status":"open","sticky":false,"template":"","format":"standard","meta":{"_crdt_document":"","footnotes":""},"categories":[5],"tags":[],"class_list":["post-83984","post","type-post","status-publish","format-standard","has-post-thumbnail","hentry","category-asayis"],"_links":{"self":[{"href":"https:\/\/www.egemtv.com\/index.php?rest_route=\/wp\/v2\/posts\/83984","targetHints":{"allow":["GET"]}}],"collection":[{"href":"https:\/\/www.egemtv.com\/index.php?rest_route=\/wp\/v2\/posts"}],"about":[{"href":"https:\/\/www.egemtv.com\/index.php?rest_route=\/wp\/v2\/types\/post"}],"author":[{"embeddable":true,"href":"https:\/\/www.egemtv.com\/index.php?rest_route=\/wp\/v2\/users\/1"}],"replies":[{"embeddable":true,"href":"https:\/\/www.egemtv.com\/index.php?rest_route=%2Fwp%2Fv2%2Fcomments&post=83984"}],"version-history":[{"count":1,"href":"https:\/\/www.egemtv.com\/index.php?rest_route=\/wp\/v2\/posts\/83984\/revisions"}],"predecessor-version":[{"id":83986,"href":"https:\/\/www.egemtv.com\/index.php?rest_route=\/wp\/v2\/posts\/83984\/revisions\/83986"}],"wp:featuredmedia":[{"embeddable":true,"href":"https:\/\/www.egemtv.com\/index.php?rest_route=\/wp\/v2\/media\/83985"}],"wp:attachment":[{"href":"https:\/\/www.egemtv.com\/index.php?rest_route=%2Fwp%2Fv2%2Fmedia&parent=83984"}],"wp:term":[{"taxonomy":"category","embeddable":true,"href":"https:\/\/www.egemtv.com\/index.php?rest_route=%2Fwp%2Fv2%2Fcategories&post=83984"},{"taxonomy":"post_tag","embeddable":true,"href":"https:\/\/www.egemtv.com\/index.php?rest_route=%2Fwp%2Fv2%2Ftags&post=83984"}],"curies":[{"name":"wp","href":"https:\/\/api.w.org\/{rel}","templated":true}]}}