{"id":83981,"date":"2026-01-29T22:14:42","date_gmt":"2026-01-29T19:14:42","guid":{"rendered":"https:\/\/www.egemtv.com\/?p=83981"},"modified":"2026-01-29T22:14:43","modified_gmt":"2026-01-29T19:14:43","slug":"baskan-kahveciden-kutahya-turk-kizilay-il-merkezine-ziyaret","status":"publish","type":"post","link":"https:\/\/www.egemtv.com\/?p=83981","title":{"rendered":"Ba\u015fkan Kahveci\u2019den K\u00fctahya T\u00fcrk K\u0131z\u0131lay \u0130l Merkezi\u2019ne ziyaret"},"content":{"rendered":"<p>K\u00fctahya Belediye Ba\u015fkan\u0131 Ey\u00fcp Kahveci, K\u00fctahya T\u00fcrk K\u0131z\u0131lay \u0130l Merkezi Binas\u0131\u2019n\u0131 ziyaret ederek T\u00fcrk K\u0131z\u0131lay Genel Merkez Y\u00f6netim Kurulu \u00dcyesi Semra Sar\u0131\u0131\u015f\u0131k Tozarayd\u0131n ve beraberindeki ekip ile bir araya geldi.<br \/>\n<br \/>Ziyarete ili\u015fkin a\u00e7\u0131klamalarda bulunan Ba\u015fkan Kahveci, g\u00f6r\u00fc\u015fmenin olduk\u00e7a verimli ge\u00e7ti\u011fini belirterek, &#8220;K\u0131z\u0131lay\u2019\u0131n \u015fehrimizde y\u00fcr\u00fctt\u00fc\u011f\u00fc faaliyetler, insani yard\u0131m \u00e7al\u0131\u015fmalar\u0131, afet ve acil durumlara y\u00f6nelik haz\u0131rl\u0131k s\u00fcre\u00e7leri ile sosyal destek projeleri \u00fczerine kapsaml\u0131 isti\u015farelerde bulunduk. Vatanda\u015flar\u0131m\u0131za daha etkin \u015fekilde ula\u015fabilmek ad\u0131na koordinasyonu g\u00fc\u00e7lendirecek \u00e7al\u0131\u015fmalar\u0131 titizlikle ele ald\u0131k&#8221; ifadelerini kulland\u0131.<br \/>\n<br \/>Ba\u015fkan Kahveci, misafirperverlikleri i\u00e7in Tozarayd\u0131n ve ekibine te\u015fekk\u00fcr ederek, T\u00fcrk K\u0131z\u0131lay\u0131\u2019na ba\u015far\u0131lar diledi.<br \/><\/p>\n","protected":false},"excerpt":{"rendered":"<p>K\u00fctahya Belediye Ba\u015fkan\u0131 Ey\u00fcp Kahveci, K\u00fctahya T\u00fcrk K\u0131z\u0131lay \u0130l Merkezi Binas\u0131\u2019n\u0131 ziyaret ederek T\u00fcrk K\u0131z\u0131lay Genel Merkez Y\u00f6netim Kurulu \u00dcyesi Semra Sar\u0131\u0131\u015f\u0131k Tozarayd\u0131n ve beraberindeki ekip ile bir araya geldi. Ziyarete ili\u015fkin a\u00e7\u0131klamalarda bulunan Ba\u015fkan Kahveci, g\u00f6r\u00fc\u015fmenin olduk\u00e7a verimli ge\u00e7ti\u011fini belirterek, &#8220;K\u0131z\u0131lay\u2019\u0131n \u015fehrimizde y\u00fcr\u00fctt\u00fc\u011f\u00fc faaliyetler, insani yard\u0131m \u00e7al\u0131\u015fmalar\u0131, afet ve acil durumlara y\u00f6nelik haz\u0131rl\u0131k s\u00fcre\u00e7leri&#8230;<\/p>\n","protected":false},"author":1,"featured_media":83982,"comment_status":"open","ping_status":"open","sticky":false,"template":"","format":"standard","meta":{"_crdt_document":"","footnotes":""},"categories":[123],"tags":[],"class_list":["post-83981","post","type-post","status-publish","format-standard","has-post-thumbnail","hentry","category-gundem"],"_links":{"self":[{"href":"https:\/\/www.egemtv.com\/index.php?rest_route=\/wp\/v2\/posts\/83981","targetHints":{"allow":["GET"]}}],"collection":[{"href":"https:\/\/www.egemtv.com\/index.php?rest_route=\/wp\/v2\/posts"}],"about":[{"href":"https:\/\/www.egemtv.com\/index.php?rest_route=\/wp\/v2\/types\/post"}],"author":[{"embeddable":true,"href":"https:\/\/www.egemtv.com\/index.php?rest_route=\/wp\/v2\/users\/1"}],"replies":[{"embeddable":true,"href":"https:\/\/www.egemtv.com\/index.php?rest_route=%2Fwp%2Fv2%2Fcomments&post=83981"}],"version-history":[{"count":1,"href":"https:\/\/www.egemtv.com\/index.php?rest_route=\/wp\/v2\/posts\/83981\/revisions"}],"predecessor-version":[{"id":83983,"href":"https:\/\/www.egemtv.com\/index.php?rest_route=\/wp\/v2\/posts\/83981\/revisions\/83983"}],"wp:featuredmedia":[{"embeddable":true,"href":"https:\/\/www.egemtv.com\/index.php?rest_route=\/wp\/v2\/media\/83982"}],"wp:attachment":[{"href":"https:\/\/www.egemtv.com\/index.php?rest_route=%2Fwp%2Fv2%2Fmedia&parent=83981"}],"wp:term":[{"taxonomy":"category","embeddable":true,"href":"https:\/\/www.egemtv.com\/index.php?rest_route=%2Fwp%2Fv2%2Fcategories&post=83981"},{"taxonomy":"post_tag","embeddable":true,"href":"https:\/\/www.egemtv.com\/index.php?rest_route=%2Fwp%2Fv2%2Ftags&post=83981"}],"curies":[{"name":"wp","href":"https:\/\/api.w.org\/{rel}","templated":true}]}}