{"id":83978,"date":"2026-01-29T21:54:40","date_gmt":"2026-01-29T18:54:40","guid":{"rendered":"https:\/\/www.egemtv.com\/?p=83978"},"modified":"2026-01-29T21:54:41","modified_gmt":"2026-01-29T18:54:41","slug":"izinsiz-kaziya-jandarmadan-sucustu","status":"publish","type":"post","link":"https:\/\/www.egemtv.com\/?p=83978","title":{"rendered":"\u0130zinsiz kaz\u0131ya jandarmadan su\u00e7\u00fcst\u00fc"},"content":{"rendered":"<p>Manisa\u2019n\u0131n G\u00f6rdes il\u00e7esinde izinsiz kaz\u0131 yapan 5 \u015f\u00fcpheli, jandarma ekiplerince su\u00e7\u00fcst\u00fc yakaland\u0131.<br \/>\n<br \/>Manisa \u0130l Jandarma Komutanl\u0131\u011f\u0131 KOM \u015eube M\u00fcd\u00fcrl\u00fc\u011f\u00fc ile G\u00f6rdes \u0130l\u00e7e Jandarma Komutanl\u0131\u011f\u0131 ekipleri taraf\u0131ndan 29 Ocak\u2019ta saat 17.00 s\u0131ralar\u0131nda m\u00fc\u015fterek olarak y\u00fcr\u00fct\u00fclen \u00e7al\u0131\u015fma kapsam\u0131nda, izinsiz kaz\u0131 yap\u0131ld\u0131\u011f\u0131 bilgisi \u00fczerine operasyon d\u00fczenlendi. Operasyonda A.A. (52), H.Y. (43), A.Y. (37), \u0130.B. (42) ve M.U.K. (29) isimli \u015fah\u0131slar kaz\u0131 yapt\u0131klar\u0131 esnada su\u00e7\u00fcst\u00fc yakaland\u0131.<br \/>\n<br \/>Olay yerinde yap\u0131lan aramada, izinsiz kaz\u0131da kullan\u0131ld\u0131\u011f\u0131 belirlenen; 1 adet jenerat\u00f6r, 1 adet hilti, 1 adet zincirli caraskal, 1 adet darbeli matkap, 10 adet \u00e7eki halat\u0131, 3 adet balyoz, 5 adet \u00e7eki demiri ile \u00e7ok say\u0131da kaz\u0131 malzemesine el konuldu.<br \/>\n<br \/>G\u00f6zalt\u0131na al\u0131nan \u015f\u00fcphelilerin, 30 Ocak Cuma g\u00fcn\u00fc G\u00f6rdes Cumhuriyet Ba\u015fsavc\u0131l\u0131\u011f\u0131na sevk edilmek \u00fczere jandarmadaki i\u015flemlerinin s\u00fcrd\u00fc\u011f\u00fc bildirildi.<br \/><\/p>\n","protected":false},"excerpt":{"rendered":"<p>Manisa\u2019n\u0131n G\u00f6rdes il\u00e7esinde izinsiz kaz\u0131 yapan 5 \u015f\u00fcpheli, jandarma ekiplerince su\u00e7\u00fcst\u00fc yakaland\u0131. Manisa \u0130l Jandarma Komutanl\u0131\u011f\u0131 KOM \u015eube M\u00fcd\u00fcrl\u00fc\u011f\u00fc ile G\u00f6rdes \u0130l\u00e7e Jandarma Komutanl\u0131\u011f\u0131 ekipleri taraf\u0131ndan 29 Ocak\u2019ta saat 17.00 s\u0131ralar\u0131nda m\u00fc\u015fterek olarak y\u00fcr\u00fct\u00fclen \u00e7al\u0131\u015fma kapsam\u0131nda, izinsiz kaz\u0131 yap\u0131ld\u0131\u011f\u0131 bilgisi \u00fczerine operasyon d\u00fczenlendi. Operasyonda A.A. (52), H.Y. (43), A.Y. (37), \u0130.B. (42) ve M.U.K. (29)&#8230;<\/p>\n","protected":false},"author":1,"featured_media":83979,"comment_status":"open","ping_status":"open","sticky":false,"template":"","format":"standard","meta":{"_crdt_document":"","footnotes":""},"categories":[5],"tags":[],"class_list":["post-83978","post","type-post","status-publish","format-standard","has-post-thumbnail","hentry","category-asayis"],"_links":{"self":[{"href":"https:\/\/www.egemtv.com\/index.php?rest_route=\/wp\/v2\/posts\/83978","targetHints":{"allow":["GET"]}}],"collection":[{"href":"https:\/\/www.egemtv.com\/index.php?rest_route=\/wp\/v2\/posts"}],"about":[{"href":"https:\/\/www.egemtv.com\/index.php?rest_route=\/wp\/v2\/types\/post"}],"author":[{"embeddable":true,"href":"https:\/\/www.egemtv.com\/index.php?rest_route=\/wp\/v2\/users\/1"}],"replies":[{"embeddable":true,"href":"https:\/\/www.egemtv.com\/index.php?rest_route=%2Fwp%2Fv2%2Fcomments&post=83978"}],"version-history":[{"count":1,"href":"https:\/\/www.egemtv.com\/index.php?rest_route=\/wp\/v2\/posts\/83978\/revisions"}],"predecessor-version":[{"id":83980,"href":"https:\/\/www.egemtv.com\/index.php?rest_route=\/wp\/v2\/posts\/83978\/revisions\/83980"}],"wp:featuredmedia":[{"embeddable":true,"href":"https:\/\/www.egemtv.com\/index.php?rest_route=\/wp\/v2\/media\/83979"}],"wp:attachment":[{"href":"https:\/\/www.egemtv.com\/index.php?rest_route=%2Fwp%2Fv2%2Fmedia&parent=83978"}],"wp:term":[{"taxonomy":"category","embeddable":true,"href":"https:\/\/www.egemtv.com\/index.php?rest_route=%2Fwp%2Fv2%2Fcategories&post=83978"},{"taxonomy":"post_tag","embeddable":true,"href":"https:\/\/www.egemtv.com\/index.php?rest_route=%2Fwp%2Fv2%2Ftags&post=83978"}],"curies":[{"name":"wp","href":"https:\/\/api.w.org\/{rel}","templated":true}]}}