{"id":83975,"date":"2026-01-29T21:54:39","date_gmt":"2026-01-29T18:54:39","guid":{"rendered":"https:\/\/www.egemtv.com\/?p=83975"},"modified":"2026-01-29T21:54:40","modified_gmt":"2026-01-29T18:54:40","slug":"turgutluda-uyusturucu-operasyonu-1-tutuklama","status":"publish","type":"post","link":"https:\/\/www.egemtv.com\/?p=83975","title":{"rendered":"Turgutlu\u2019da uyu\u015fturucu operasyonu: 1 tutuklama"},"content":{"rendered":"<p>Manisa\u2019n\u0131n Turgutlu il\u00e7esinde Narkotik Su\u00e7larla M\u00fccadele B\u00fcro Amirli\u011fi ekiplerince ger\u00e7ekle\u015ftirilen uyu\u015fturucu operasyonunda g\u00f6zalt\u0131na al\u0131nan 1 ki\u015fi tutukland\u0131.<br \/>\n<br \/>Turgutlu Cumhuriyet Ba\u015fsavc\u0131l\u0131\u011f\u0131 koordinesinde y\u00fcr\u00fct\u00fclen soru\u015fturma kapsam\u0131nda, Narkotik Su\u00e7larla M\u00fccadele \u015eube M\u00fcd\u00fcrl\u00fc\u011f\u00fc\u2019ne ba\u011fl\u0131 Turgutlu Narkotik Su\u00e7larla M\u00fccadele B\u00fcro Amirli\u011fi ekiplerince sokak \u00e7al\u0131\u015fmalar\u0131 ger\u00e7ekle\u015ftirildi. &#8220;Uyu\u015fturucu veya Uyar\u0131c\u0131 Madde \u0130mal ve Ticareti&#8221; yapan \u015fah\u0131slara y\u00f6nelik yap\u0131lan \u00e7al\u0131\u015fmalar sonucunda Y.S. (19) ve E.S. (23) yakaland\u0131. \u015eah\u0131slar\u0131n \u00fczerlerinde ve ara\u00e7lar\u0131nda yap\u0131lan aramalarda 64 blister halinde toplam 922 adet sentetik ecza ile uyu\u015fturucu madde ticaretinden elde edildi\u011fi de\u011ferlendirilen 45 bin 970 TL nakit para ele ge\u00e7irildi.<br \/>\n<br \/>Olayla ilgili D.S. isimli \u015fah\u0131s hakk\u0131nda TCK 191 kapsam\u0131nda i\u015flem yap\u0131larak serbest b\u0131rak\u0131l\u0131rken, Y.S. (19) ve E.S. (23) hakk\u0131nda TCK 188 kapsam\u0131nda i\u015flem yap\u0131larak adli mercilere sevk edilmek \u00fczere g\u00f6zalt\u0131na al\u0131nd\u0131.<br \/>\n<br \/>\u015e\u00fcphelilerden Y.S. (19), \u00e7\u0131kar\u0131ld\u0131\u011f\u0131 Sulh Ceza H\u00e2kimli\u011fi taraf\u0131ndan tutuklanarak cezaevine g\u00f6nderilirken, E.S. (23) ise adli kontrol \u015fart\u0131yla serbest b\u0131rak\u0131ld\u0131.<br \/><\/p>\n","protected":false},"excerpt":{"rendered":"<p>Manisa\u2019n\u0131n Turgutlu il\u00e7esinde Narkotik Su\u00e7larla M\u00fccadele B\u00fcro Amirli\u011fi ekiplerince ger\u00e7ekle\u015ftirilen uyu\u015fturucu operasyonunda g\u00f6zalt\u0131na al\u0131nan 1 ki\u015fi tutukland\u0131. Turgutlu Cumhuriyet Ba\u015fsavc\u0131l\u0131\u011f\u0131 koordinesinde y\u00fcr\u00fct\u00fclen soru\u015fturma kapsam\u0131nda, Narkotik Su\u00e7larla M\u00fccadele \u015eube M\u00fcd\u00fcrl\u00fc\u011f\u00fc\u2019ne ba\u011fl\u0131 Turgutlu Narkotik Su\u00e7larla M\u00fccadele B\u00fcro Amirli\u011fi ekiplerince sokak \u00e7al\u0131\u015fmalar\u0131 ger\u00e7ekle\u015ftirildi. &#8220;Uyu\u015fturucu veya Uyar\u0131c\u0131 Madde \u0130mal ve Ticareti&#8221; yapan \u015fah\u0131slara y\u00f6nelik yap\u0131lan \u00e7al\u0131\u015fmalar sonucunda Y.S. (19)&#8230;<\/p>\n","protected":false},"author":1,"featured_media":83976,"comment_status":"open","ping_status":"open","sticky":false,"template":"","format":"standard","meta":{"_crdt_document":"","footnotes":""},"categories":[5],"tags":[],"class_list":["post-83975","post","type-post","status-publish","format-standard","has-post-thumbnail","hentry","category-asayis"],"_links":{"self":[{"href":"https:\/\/www.egemtv.com\/index.php?rest_route=\/wp\/v2\/posts\/83975","targetHints":{"allow":["GET"]}}],"collection":[{"href":"https:\/\/www.egemtv.com\/index.php?rest_route=\/wp\/v2\/posts"}],"about":[{"href":"https:\/\/www.egemtv.com\/index.php?rest_route=\/wp\/v2\/types\/post"}],"author":[{"embeddable":true,"href":"https:\/\/www.egemtv.com\/index.php?rest_route=\/wp\/v2\/users\/1"}],"replies":[{"embeddable":true,"href":"https:\/\/www.egemtv.com\/index.php?rest_route=%2Fwp%2Fv2%2Fcomments&post=83975"}],"version-history":[{"count":1,"href":"https:\/\/www.egemtv.com\/index.php?rest_route=\/wp\/v2\/posts\/83975\/revisions"}],"predecessor-version":[{"id":83977,"href":"https:\/\/www.egemtv.com\/index.php?rest_route=\/wp\/v2\/posts\/83975\/revisions\/83977"}],"wp:featuredmedia":[{"embeddable":true,"href":"https:\/\/www.egemtv.com\/index.php?rest_route=\/wp\/v2\/media\/83976"}],"wp:attachment":[{"href":"https:\/\/www.egemtv.com\/index.php?rest_route=%2Fwp%2Fv2%2Fmedia&parent=83975"}],"wp:term":[{"taxonomy":"category","embeddable":true,"href":"https:\/\/www.egemtv.com\/index.php?rest_route=%2Fwp%2Fv2%2Fcategories&post=83975"},{"taxonomy":"post_tag","embeddable":true,"href":"https:\/\/www.egemtv.com\/index.php?rest_route=%2Fwp%2Fv2%2Ftags&post=83975"}],"curies":[{"name":"wp","href":"https:\/\/api.w.org\/{rel}","templated":true}]}}