{"id":83972,"date":"2026-01-29T21:54:38","date_gmt":"2026-01-29T18:54:38","guid":{"rendered":"https:\/\/www.egemtv.com\/?p=83972"},"modified":"2026-01-29T21:54:39","modified_gmt":"2026-01-29T18:54:39","slug":"marmaristeki-silahli-saldiriyla-ilgili-2-supheli-aydinda-yakalandi","status":"publish","type":"post","link":"https:\/\/www.egemtv.com\/?p=83972","title":{"rendered":"Marmaris\u2019teki silahl\u0131 sald\u0131r\u0131yla ilgili 2 \u015f\u00fcpheli Ayd\u0131n\u2019da yakaland\u0131"},"content":{"rendered":"<p>Mu\u011flla\u2019n\u0131n Marmaris il\u00e7esinde bir i\u015fletmeye y\u00f6nelik silahl\u0131 sald\u0131r\u0131n\u0131n ard\u0131ndan ka\u00e7an 2 zanl\u0131, polis ekipleri taraf\u0131ndan Ayd\u0131n\u2019da yakaland\u0131. Adliyeye sevk edilen \u015f\u00fcpheliler tutuklanarak cezaevine g\u00f6nderildi.<br \/>\n<br \/>Olay, 28 Ocak \u00c7ar\u015famba g\u00fcn\u00fc saat 21.40 s\u0131ralar\u0131nda Yat Liman\u0131 mevkii Tepe Mahallesi Barbaros Caddesi \u00fczerinde bulunan bir i\u015fletmede meydana geldi. Edinilen bilgiye g\u00f6re, i\u015fletme sahibi \u00d6.Y., restoran\u0131n giri\u015f k\u0131sm\u0131na yak\u0131n bir noktada bulundu\u011fu s\u0131rada kap\u015fonlu bir ki\u015finin silahl\u0131 sald\u0131r\u0131s\u0131na u\u011frad\u0131. \u015e\u00fcpheli, \u00d6.Y.\u2019yi ate\u015fli silahla sa\u011f baca\u011f\u0131ndan vurarak olay yerinden ka\u00e7t\u0131. \u0130hbar \u00fczerine b\u00f6lgeye sevk edilen polis ekipleri, sald\u0131r\u0131ya ili\u015fkin geni\u015f \u00e7apl\u0131 kamera incelemesi ve fiziki takip \u00e7al\u0131\u015fmas\u0131 ba\u015flatt\u0131. Yap\u0131lan \u00e7al\u0131\u015fmalar sonucunda sald\u0131r\u0131y\u0131 ger\u00e7ekle\u015ftiren ki\u015filerin E.C. ve \u00d6.A. oldu\u011fu belirlendi. \u015e\u00fcphelilerin olay s\u0131ras\u0131nda 41 plakal\u0131 \u00e7al\u0131nt\u0131 bir motosiklet kulland\u0131klar\u0131, sald\u0131r\u0131n\u0131n ard\u0131ndan motosikleti Tepe Mahallesi 39. Sokak \u00fczerinde b\u0131rakarak yaya \u015fekilde Netsel Marina y\u00f6n\u00fcne ka\u00e7t\u0131klar\u0131 tespit edildi. \u015e\u00fcphelilerin marina i\u00e7erisinde \u00f6nce  bir taksiye bindikleri, Ta\u015fhan mevkiinde indikten sonra ise 34 plakal\u0131 Mercedes marka ara\u00e7la Ayd\u0131n iline do\u011fru hareket ettikleri belirlendi.<br \/>\n<br \/>Bunun \u00fczerine Ayd\u0131n Asayi\u015f \u015eube M\u00fcd\u00fcrl\u00fc\u011f\u00fc ile irtibata ge\u00e7ilerek \u015f\u00fcpheliler, Ayd\u0131n il giri\u015finde yakaland\u0131. G\u00f6zalt\u0131na al\u0131nan \u015fah\u0131slar i\u015flemlerinin ard\u0131ndan Marmaris\u2019e getirildi. Ayr\u0131ca kullan\u0131lan motosikletle ilgili olarak &#8220;Resmi Belgede Sahtecilik&#8221; su\u00e7undan Marmaris Asayi\u015f B\u00fcro Amirli\u011fi\u2019nce ayr\u0131 bir tahkikat ba\u015flat\u0131ld\u0131.<br \/>\n<br \/>Cumhuriyet Savc\u0131s\u0131na bilgi verilmesinin ard\u0131ndan \u015f\u00fcpheliler, mevcutlu olarak Marmaris Cumhuriyet Ba\u015fsavc\u0131l\u0131\u011f\u0131\u2019na sevk edildi. Tutuklama talebiyle Marmaris Sulh Ceza Hakimli\u011fi\u2019ne \u00e7\u0131kar\u0131lan 2 \u015f\u00fcpheli, mahkemece tutuklanarak cezaevine g\u00f6nderildi.<br \/>\n<br \/>Olayla ilgili soru\u015fturman\u0131n \u00e7ok y\u00f6nl\u00fc olarak s\u00fcrd\u00fc\u011f\u00fc bildirildi.<br \/><\/p>\n","protected":false},"excerpt":{"rendered":"<p>Mu\u011flla\u2019n\u0131n Marmaris il\u00e7esinde bir i\u015fletmeye y\u00f6nelik silahl\u0131 sald\u0131r\u0131n\u0131n ard\u0131ndan ka\u00e7an 2 zanl\u0131, polis ekipleri taraf\u0131ndan Ayd\u0131n\u2019da yakaland\u0131. Adliyeye sevk edilen \u015f\u00fcpheliler tutuklanarak cezaevine g\u00f6nderildi. Olay, 28 Ocak \u00c7ar\u015famba g\u00fcn\u00fc saat 21.40 s\u0131ralar\u0131nda Yat Liman\u0131 mevkii Tepe Mahallesi Barbaros Caddesi \u00fczerinde bulunan bir i\u015fletmede meydana geldi. Edinilen bilgiye g\u00f6re, i\u015fletme sahibi \u00d6.Y., restoran\u0131n giri\u015f k\u0131sm\u0131na yak\u0131n&#8230;<\/p>\n","protected":false},"author":1,"featured_media":83973,"comment_status":"open","ping_status":"open","sticky":false,"template":"","format":"standard","meta":{"_crdt_document":"","footnotes":""},"categories":[5],"tags":[],"class_list":["post-83972","post","type-post","status-publish","format-standard","has-post-thumbnail","hentry","category-asayis"],"_links":{"self":[{"href":"https:\/\/www.egemtv.com\/index.php?rest_route=\/wp\/v2\/posts\/83972","targetHints":{"allow":["GET"]}}],"collection":[{"href":"https:\/\/www.egemtv.com\/index.php?rest_route=\/wp\/v2\/posts"}],"about":[{"href":"https:\/\/www.egemtv.com\/index.php?rest_route=\/wp\/v2\/types\/post"}],"author":[{"embeddable":true,"href":"https:\/\/www.egemtv.com\/index.php?rest_route=\/wp\/v2\/users\/1"}],"replies":[{"embeddable":true,"href":"https:\/\/www.egemtv.com\/index.php?rest_route=%2Fwp%2Fv2%2Fcomments&post=83972"}],"version-history":[{"count":1,"href":"https:\/\/www.egemtv.com\/index.php?rest_route=\/wp\/v2\/posts\/83972\/revisions"}],"predecessor-version":[{"id":83974,"href":"https:\/\/www.egemtv.com\/index.php?rest_route=\/wp\/v2\/posts\/83972\/revisions\/83974"}],"wp:featuredmedia":[{"embeddable":true,"href":"https:\/\/www.egemtv.com\/index.php?rest_route=\/wp\/v2\/media\/83973"}],"wp:attachment":[{"href":"https:\/\/www.egemtv.com\/index.php?rest_route=%2Fwp%2Fv2%2Fmedia&parent=83972"}],"wp:term":[{"taxonomy":"category","embeddable":true,"href":"https:\/\/www.egemtv.com\/index.php?rest_route=%2Fwp%2Fv2%2Fcategories&post=83972"},{"taxonomy":"post_tag","embeddable":true,"href":"https:\/\/www.egemtv.com\/index.php?rest_route=%2Fwp%2Fv2%2Ftags&post=83972"}],"curies":[{"name":"wp","href":"https:\/\/api.w.org\/{rel}","templated":true}]}}