{"id":83912,"date":"2026-01-29T15:14:50","date_gmt":"2026-01-29T12:14:50","guid":{"rendered":"https:\/\/www.egemtv.com\/?p=83912"},"modified":"2026-01-29T15:14:51","modified_gmt":"2026-01-29T12:14:51","slug":"suruden-ayrilan-nihilist-penguen-cameliye-ugradi","status":"publish","type":"post","link":"https:\/\/www.egemtv.com\/?p=83912","title":{"rendered":"S\u00fcr\u00fcden ayr\u0131lan nihilist penguen \u00c7ameli\u2019ye u\u011frad\u0131"},"content":{"rendered":"<p>Son g\u00fcnlere sosyal medya \u00fczerinde h\u0131zla yay\u0131lan Nihilist penguen ak\u0131m\u0131na \u00c7ameli Belediyesi de kat\u0131ld\u0131.<\/p>\n<p>\u00dcnl\u00fc y\u00f6netmen Werner Herzog\u2019un 2007 y\u0131l\u0131nda \u00e7ekti\u011fi Encounters at the End of the World belgeselindeki k\u0131sa bir sahne, y\u0131llar sonra sosyal medyada yeniden ke\u015ffedilerek sosyal medyan\u0131n g\u00fcndemine oturdu. Antarktika\u2019da \u00e7ekilen g\u00f6r\u00fcnt\u00fclerde, Ad\u00e9lie penguenlerinden birinin koloniden ayr\u0131larak ters y\u00f6ne do\u011fru tek ba\u015f\u0131na y\u00fcr\u00fcd\u00fc\u011f\u00fc anlar yer al\u0131yor. S\u00f6z konusu video, sosyal medya kullan\u0131c\u0131lar\u0131 taraf\u0131ndan &#8220;Nihilist Penguen&#8221; etiketiyle payla\u015f\u0131l\u0131yor.<\/p>\n<p>\u00c7ameli Belediyesi, nihilist penguen ak\u0131m\u0131na uyarak payla\u015f\u0131m yapt\u0131. \u00c7ameli Belediye Ba\u015fkanl\u0131\u011f\u0131 binas\u0131n\u0131n \u00f6n\u00fcnde y\u00fcr\u00fcyerek i\u00e7eriye giren penguen payla\u015f\u0131m\u0131nda, &#8220;S\u00fcr\u00fcden ayr\u0131lan nihilist penguen, \u00c7ameli\u2019ye giri\u015f yapt\u0131&#8221; ifadelerine yer verildi.<br \/><\/p>\n","protected":false},"excerpt":{"rendered":"<p>Son g\u00fcnlere sosyal medya \u00fczerinde h\u0131zla yay\u0131lan Nihilist penguen ak\u0131m\u0131na \u00c7ameli Belediyesi de kat\u0131ld\u0131. \u00dcnl\u00fc y\u00f6netmen Werner Herzog\u2019un 2007 y\u0131l\u0131nda \u00e7ekti\u011fi Encounters at the End of the World belgeselindeki k\u0131sa bir sahne, y\u0131llar sonra sosyal medyada yeniden ke\u015ffedilerek sosyal medyan\u0131n g\u00fcndemine oturdu. Antarktika\u2019da \u00e7ekilen g\u00f6r\u00fcnt\u00fclerde, Ad\u00e9lie penguenlerinden birinin koloniden ayr\u0131larak ters y\u00f6ne do\u011fru tek ba\u015f\u0131na&#8230;<\/p>\n","protected":false},"author":1,"featured_media":83913,"comment_status":"open","ping_status":"open","sticky":false,"template":"","format":"standard","meta":{"_crdt_document":"","footnotes":""},"categories":[1],"tags":[],"class_list":["post-83912","post","type-post","status-publish","format-standard","has-post-thumbnail","hentry","category-guncel"],"_links":{"self":[{"href":"https:\/\/www.egemtv.com\/index.php?rest_route=\/wp\/v2\/posts\/83912","targetHints":{"allow":["GET"]}}],"collection":[{"href":"https:\/\/www.egemtv.com\/index.php?rest_route=\/wp\/v2\/posts"}],"about":[{"href":"https:\/\/www.egemtv.com\/index.php?rest_route=\/wp\/v2\/types\/post"}],"author":[{"embeddable":true,"href":"https:\/\/www.egemtv.com\/index.php?rest_route=\/wp\/v2\/users\/1"}],"replies":[{"embeddable":true,"href":"https:\/\/www.egemtv.com\/index.php?rest_route=%2Fwp%2Fv2%2Fcomments&post=83912"}],"version-history":[{"count":1,"href":"https:\/\/www.egemtv.com\/index.php?rest_route=\/wp\/v2\/posts\/83912\/revisions"}],"predecessor-version":[{"id":83914,"href":"https:\/\/www.egemtv.com\/index.php?rest_route=\/wp\/v2\/posts\/83912\/revisions\/83914"}],"wp:featuredmedia":[{"embeddable":true,"href":"https:\/\/www.egemtv.com\/index.php?rest_route=\/wp\/v2\/media\/83913"}],"wp:attachment":[{"href":"https:\/\/www.egemtv.com\/index.php?rest_route=%2Fwp%2Fv2%2Fmedia&parent=83912"}],"wp:term":[{"taxonomy":"category","embeddable":true,"href":"https:\/\/www.egemtv.com\/index.php?rest_route=%2Fwp%2Fv2%2Fcategories&post=83912"},{"taxonomy":"post_tag","embeddable":true,"href":"https:\/\/www.egemtv.com\/index.php?rest_route=%2Fwp%2Fv2%2Ftags&post=83912"}],"curies":[{"name":"wp","href":"https:\/\/api.w.org\/{rel}","templated":true}]}}