{"id":83909,"date":"2026-01-29T15:14:50","date_gmt":"2026-01-29T12:14:50","guid":{"rendered":"https:\/\/www.egemtv.com\/?p=83909"},"modified":"2026-01-29T15:14:50","modified_gmt":"2026-01-29T12:14:50","slug":"datcada-yasli-adam-evinde-olu-olarak-bulundu","status":"publish","type":"post","link":"https:\/\/www.egemtv.com\/?p=83909","title":{"rendered":"Dat\u00e7a\u2019da ya\u015fl\u0131 adam evinde \u00f6l\u00fc olarak bulundu"},"content":{"rendered":"<p>Mu\u011fla\u2019n\u0131n Dat\u00e7a il\u00e7esinde yak\u0131nlar\u0131n\u0131n haber alamad\u0131\u011f\u0131 ya\u015fl\u0131 adam evinde \u00f6l\u00fc olarak bulundu.<\/p>\n<p>Edinilen bilgiye g\u00f6re, \u0130skele Mahallesi\u2019nde bulunan evinde ya\u015fayan \u015fah\u0131stan uzun s\u00fcredir haber al\u0131namamas\u0131 \u00fczerine \u015fahs\u0131n yak\u0131nlar\u0131 taraf\u0131ndan 112 Acil \u00c7a\u011fr\u0131 Merkezi\u2019ne ihbarda bulunuldu. Yap\u0131lan ihbar\u0131n ard\u0131ndan olay yerine polis ve sa\u011fl\u0131k ekipleri  sevk edildi. Yap\u0131lan kontrollerde, 73 ya\u015f\u0131ndaki \u0130brahim Durdu isimli \u015fahs\u0131n yerde hareketsiz halde yatt\u0131\u011f\u0131 g\u00f6r\u00fcld\u00fc. Sa\u011fl\u0131k ekiplerinin yapt\u0131\u011f\u0131 ilk incelemede ya\u015fl\u0131 adam\u0131n hayat\u0131n\u0131 kaybetti\u011fi belirlendi. \u0130brahim Durdu\u2019nun kesin \u00f6l\u00fcm nedeninin yap\u0131lacak otopsinin ard\u0131ndan netlik kazanaca\u011f\u0131 belirtilirken, olayla ilgili soru\u015fturma ba\u015flat\u0131ld\u0131.<br \/><\/p>\n","protected":false},"excerpt":{"rendered":"<p>Mu\u011fla\u2019n\u0131n Dat\u00e7a il\u00e7esinde yak\u0131nlar\u0131n\u0131n haber alamad\u0131\u011f\u0131 ya\u015fl\u0131 adam evinde \u00f6l\u00fc olarak bulundu. Edinilen bilgiye g\u00f6re, \u0130skele Mahallesi\u2019nde bulunan evinde ya\u015fayan \u015fah\u0131stan uzun s\u00fcredir haber al\u0131namamas\u0131 \u00fczerine \u015fahs\u0131n yak\u0131nlar\u0131 taraf\u0131ndan 112 Acil \u00c7a\u011fr\u0131 Merkezi\u2019ne ihbarda bulunuldu. Yap\u0131lan ihbar\u0131n ard\u0131ndan olay yerine polis ve sa\u011fl\u0131k ekipleri sevk edildi. Yap\u0131lan kontrollerde, 73 ya\u015f\u0131ndaki \u0130brahim Durdu isimli \u015fahs\u0131n yerde&#8230;<\/p>\n","protected":false},"author":1,"featured_media":83910,"comment_status":"open","ping_status":"open","sticky":false,"template":"","format":"standard","meta":{"_crdt_document":"","footnotes":""},"categories":[5],"tags":[],"class_list":["post-83909","post","type-post","status-publish","format-standard","has-post-thumbnail","hentry","category-asayis"],"_links":{"self":[{"href":"https:\/\/www.egemtv.com\/index.php?rest_route=\/wp\/v2\/posts\/83909","targetHints":{"allow":["GET"]}}],"collection":[{"href":"https:\/\/www.egemtv.com\/index.php?rest_route=\/wp\/v2\/posts"}],"about":[{"href":"https:\/\/www.egemtv.com\/index.php?rest_route=\/wp\/v2\/types\/post"}],"author":[{"embeddable":true,"href":"https:\/\/www.egemtv.com\/index.php?rest_route=\/wp\/v2\/users\/1"}],"replies":[{"embeddable":true,"href":"https:\/\/www.egemtv.com\/index.php?rest_route=%2Fwp%2Fv2%2Fcomments&post=83909"}],"version-history":[{"count":1,"href":"https:\/\/www.egemtv.com\/index.php?rest_route=\/wp\/v2\/posts\/83909\/revisions"}],"predecessor-version":[{"id":83911,"href":"https:\/\/www.egemtv.com\/index.php?rest_route=\/wp\/v2\/posts\/83909\/revisions\/83911"}],"wp:featuredmedia":[{"embeddable":true,"href":"https:\/\/www.egemtv.com\/index.php?rest_route=\/wp\/v2\/media\/83910"}],"wp:attachment":[{"href":"https:\/\/www.egemtv.com\/index.php?rest_route=%2Fwp%2Fv2%2Fmedia&parent=83909"}],"wp:term":[{"taxonomy":"category","embeddable":true,"href":"https:\/\/www.egemtv.com\/index.php?rest_route=%2Fwp%2Fv2%2Fcategories&post=83909"},{"taxonomy":"post_tag","embeddable":true,"href":"https:\/\/www.egemtv.com\/index.php?rest_route=%2Fwp%2Fv2%2Ftags&post=83909"}],"curies":[{"name":"wp","href":"https:\/\/api.w.org\/{rel}","templated":true}]}}