{"id":83906,"date":"2026-01-29T14:54:50","date_gmt":"2026-01-29T11:54:50","guid":{"rendered":"https:\/\/www.egemtv.com\/?p=83906"},"modified":"2026-01-29T14:54:52","modified_gmt":"2026-01-29T11:54:52","slug":"pazarlar-spor-lisesi-spor-kulubu-askfye-uye-oldu","status":"publish","type":"post","link":"https:\/\/www.egemtv.com\/?p=83906","title":{"rendered":"Pazarlar Spor Lisesi Spor Kul\u00fcb\u00fc ASKF\u2019ye \u00fcye oldu"},"content":{"rendered":"<p>Pazarlar Spor Lisesi Spor Kul\u00fcb\u00fc, sportif faaliyetlerini resmiyete d\u00f6kmek ve profesyonel m\u00fcsabakalara kat\u0131labilmek amac\u0131yla K\u00fctahya Amat\u00f6r Spor Kul\u00fcpleri Federasyonu\u2019na (ASKF) resmi \u00fcyelik ba\u015fvurusunu ger\u00e7ekle\u015ftirdi.<br \/>\n<br \/>Pazarlar Spor Lisesi Spor Kul\u00fcb\u00fc Y\u00f6netim Kurulu, Kul\u00fcp Ba\u015fkan\u0131 Muammer G\u00f6kalp ba\u015fkanl\u0131\u011f\u0131nda 29\/01\/2026 tarihinde toplanarak 2026\/4 say\u0131l\u0131 kararla federasyona kat\u0131lma karar\u0131 ald\u0131. Al\u0131nan bu karar do\u011frultusunda kul\u00fcb\u00fcn art\u0131k resmi liglerde temsil edilmesinin \u00f6n\u00fc a\u00e7\u0131l\u0131rken, y\u00f6netim kurulunda da g\u00f6rev da\u011f\u0131l\u0131m\u0131 yap\u0131ld\u0131.<br \/>\n<br \/>Karar sonras\u0131 a\u00e7\u0131klamalarda bulunan Kul\u00fcp Ba\u015fkan\u0131 Muammer G\u00f6kalp, spor lisesi b\u00fcnyesindeki gen\u00e7 yeteneklerin art\u0131k lisansl\u0131 birer sporcu olarak sahaya \u00e7\u0131kaca\u011f\u0131n\u0131 belirtti. G\u00f6kalp, &#8220;Kul\u00fcb\u00fcm\u00fcz\u00fcn sportif faaliyetlerini resmiyete d\u00f6kmek ve gen\u00e7lerimize daha geni\u015f imkanlar sunmak i\u00e7in bu \u00f6nemli ad\u0131m\u0131 att\u0131k. ASKF b\u00fcnyesinde yer alarak, \u00f6ncelikle okulumuzun \u00f6\u011frencileri olmak \u00fczere; Pazarlar il\u00e7emiz ve \u00e7evre il\u00e7elerdeki t\u00fcm yetenekli \u00e7ocuk ve gen\u00e7lerimizi kul\u00fcb\u00fcm\u00fcz b\u00fcnyesinde toplayaca\u011f\u0131z. K\u00fctahya sporuna disiplinli ve yetenekli neferler kazand\u0131rmay\u0131 hedefliyoruz. Pazarlar Spor Lisesi olarak art\u0131k sadece e\u011fitimde de\u011fil, t\u00fcm b\u00f6lge gen\u00e7lerini kucaklayan bir anlay\u0131\u015fla sahalarda da ad\u0131m\u0131zdan s\u00f6z ettirece\u011fiz&#8221; dedi.<br \/>\n<br \/>Hem Beden E\u011fitimi \u00d6\u011fretmeni, hem de Kul\u00fcb\u00fcn Sportif \u0130\u015flerden Sorumlu Y\u00f6netim Kurulu \u00dcyesi olan Osman Erdin\u00e7  ise projenin teknik boyutuna dikkat \u00e7ekti. Erdin\u00e7, &#8220;Bir e\u011fitimci ve spor adam\u0131 olarak en b\u00fcy\u00fck gayemiz, okulumuzdaki akademik spor e\u011fitimini federasyon \u00e7at\u0131s\u0131 alt\u0131ndaki resmi m\u00fcsabaka tecr\u00fcbesiyle birle\u015ftirmek. \u00d6\u011frencilerimizin ve b\u00f6lgemizdeki gen\u00e7 yeteneklerin teoride \u00f6\u011frendiklerini amat\u00f6r liglerde prati\u011fe d\u00f6kmesi, onlar\u0131n profesyonelle\u015fme s\u00fcrecini h\u0131zland\u0131racakt\u0131r. T\u00fcm bran\u015flarda teknik altyap\u0131m\u0131z\u0131 federasyon standartlar\u0131na uygun hale getirerek ba\u015far\u0131y\u0131 kal\u0131c\u0131 k\u0131laca\u011f\u0131z&#8221; dedi.<br \/>\n<br \/>K\u00fctahya ASKF Ba\u015fkan\u0131 Murat Cengiz ise okul spor kul\u00fcplerinin amat\u00f6r sporun kalbi oldu\u011funu vurgulayarak okulun stratejik \u00f6nemine de\u011findi. Cengiz, &#8220;Pazarlar Spor Lisesi gibi k\u00f6kl\u00fc e\u011fitim kurumlar\u0131m\u0131z\u0131n federasyonumuza dahil olmas\u0131 bizleri gururland\u0131r\u0131yor. \u00d6zellikle bu okulun 9 farkl\u0131 ilden ve 20 farkl\u0131 il\u00e7eden gelen \u00f6\u011frencilere ev sahipli\u011fi yapmas\u0131 \u00e7ok k\u0131ymetli. Farkl\u0131 b\u00f6lgelerden gelip K\u00fctahya\u2019m\u0131zda e\u011fitim g\u00f6ren bu gen\u00e7lerimizin, kul\u00fcp \u00e7at\u0131s\u0131 alt\u0131nda federasyon etkinliklerine ve m\u00fcsabakalara kat\u0131l\u0131m yolunun a\u00e7\u0131lmas\u0131 sporun tabana yay\u0131lmas\u0131 a\u00e7\u0131s\u0131ndan \u00f6nemli bir f\u0131rsat ve hizmettir. Bu kat\u0131l\u0131m, K\u00fctahya\u2019daki amat\u00f6r spor bran\u015flar\u0131n\u0131n kalitesini ve \u00e7e\u015fitlili\u011fini art\u0131racakt\u0131r. Muammer Ba\u015fkan ve ekibine ho\u015f geldiniz diyor, ba\u015far\u0131lar diliyorum&#8221; dedi.<br \/>\n<br \/>Pazarlar Spor Lisesi Kul\u00fcb\u00fcn\u00fcn y\u00f6netim kurulu karar\u0131 uyar\u0131nca, K\u00fctahya ASKF \u00dcst Kurulu\u2019nda kul\u00fcb\u00fc temsil edecek delegeler de netle\u015fti. Yap\u0131lan se\u00e7ime g\u00f6re asil \u00fcyeler olarak Muammer G\u00f6kalp, Osman Erdin\u00e7 ve \u0130dris Bekta\u015f belirlenirken; yedek \u00fcyeliklere Duygu G\u00fcler ve Mustafa Akdo\u011fmu\u015f se\u00e7ildi.<br \/><\/p>\n","protected":false},"excerpt":{"rendered":"<p>Pazarlar Spor Lisesi Spor Kul\u00fcb\u00fc, sportif faaliyetlerini resmiyete d\u00f6kmek ve profesyonel m\u00fcsabakalara kat\u0131labilmek amac\u0131yla K\u00fctahya Amat\u00f6r Spor Kul\u00fcpleri Federasyonu\u2019na (ASKF) resmi \u00fcyelik ba\u015fvurusunu ger\u00e7ekle\u015ftirdi. Pazarlar Spor Lisesi Spor Kul\u00fcb\u00fc Y\u00f6netim Kurulu, Kul\u00fcp Ba\u015fkan\u0131 Muammer G\u00f6kalp ba\u015fkanl\u0131\u011f\u0131nda 29\/01\/2026 tarihinde toplanarak 2026\/4 say\u0131l\u0131 kararla federasyona kat\u0131lma karar\u0131 ald\u0131. Al\u0131nan bu karar do\u011frultusunda kul\u00fcb\u00fcn art\u0131k resmi liglerde temsil&#8230;<\/p>\n","protected":false},"author":1,"featured_media":83907,"comment_status":"open","ping_status":"open","sticky":false,"template":"","format":"standard","meta":{"_crdt_document":"","footnotes":""},"categories":[4],"tags":[],"class_list":["post-83906","post","type-post","status-publish","format-standard","has-post-thumbnail","hentry","category-spor"],"_links":{"self":[{"href":"https:\/\/www.egemtv.com\/index.php?rest_route=\/wp\/v2\/posts\/83906","targetHints":{"allow":["GET"]}}],"collection":[{"href":"https:\/\/www.egemtv.com\/index.php?rest_route=\/wp\/v2\/posts"}],"about":[{"href":"https:\/\/www.egemtv.com\/index.php?rest_route=\/wp\/v2\/types\/post"}],"author":[{"embeddable":true,"href":"https:\/\/www.egemtv.com\/index.php?rest_route=\/wp\/v2\/users\/1"}],"replies":[{"embeddable":true,"href":"https:\/\/www.egemtv.com\/index.php?rest_route=%2Fwp%2Fv2%2Fcomments&post=83906"}],"version-history":[{"count":1,"href":"https:\/\/www.egemtv.com\/index.php?rest_route=\/wp\/v2\/posts\/83906\/revisions"}],"predecessor-version":[{"id":83908,"href":"https:\/\/www.egemtv.com\/index.php?rest_route=\/wp\/v2\/posts\/83906\/revisions\/83908"}],"wp:featuredmedia":[{"embeddable":true,"href":"https:\/\/www.egemtv.com\/index.php?rest_route=\/wp\/v2\/media\/83907"}],"wp:attachment":[{"href":"https:\/\/www.egemtv.com\/index.php?rest_route=%2Fwp%2Fv2%2Fmedia&parent=83906"}],"wp:term":[{"taxonomy":"category","embeddable":true,"href":"https:\/\/www.egemtv.com\/index.php?rest_route=%2Fwp%2Fv2%2Fcategories&post=83906"},{"taxonomy":"post_tag","embeddable":true,"href":"https:\/\/www.egemtv.com\/index.php?rest_route=%2Fwp%2Fv2%2Ftags&post=83906"}],"curies":[{"name":"wp","href":"https:\/\/api.w.org\/{rel}","templated":true}]}}