{"id":83903,"date":"2026-01-29T14:34:56","date_gmt":"2026-01-29T11:34:56","guid":{"rendered":"https:\/\/www.egemtv.com\/?p=83903"},"modified":"2026-01-29T14:34:57","modified_gmt":"2026-01-29T11:34:57","slug":"salihlili-judocu-hira-kilkis-turkiye-ikincisi-oldu","status":"publish","type":"post","link":"https:\/\/www.egemtv.com\/?p=83903","title":{"rendered":"Salihlili Judocu Hira K\u0131lk\u0131\u015f T\u00fcrkiye ikincisi oldu"},"content":{"rendered":"<p>Konya\u2019da d\u00fczenlenen Spor Toto \u00dcmitler T\u00fcrkiye Judo \u015eampiyonas\u0131\u2019nda Salihli\u2019yi temsil eden sporcular \u00f6nemli ba\u015far\u0131lara imza att\u0131.<br \/>\n<br \/>64 ilden 894 sporcunun kat\u0131l\u0131m\u0131yla ger\u00e7ekle\u015ftirilen \u015fampiyonada Salihli\u2019nin ba\u015far\u0131l\u0131 judocular\u0131ndan Hira K\u0131lk\u0131\u015f, +70 kg kategorisinde m\u00fccadele ederek T\u00fcrkiye ikincisi oldu ve g\u00fcm\u00fc\u015f madalya kazand\u0131.<br \/>\n<br \/>\u015eampiyonada Salihli ad\u0131na yar\u0131\u015fan sporculardan M\u00fcr\u00fcvvet Nur \u00d6zkan ve Sultan Nur Diker, +70 kg kategorisinde T\u00fcrkiye \u00fc\u00e7\u00fcnc\u00fcs\u00fc olarak bronz madalyan\u0131n sahibi olurken, Mustafa G\u00f6de ise 81 kg kategorisinde T\u00fcrkiye be\u015fincisi olmay\u0131 ba\u015fard\u0131.<br \/>\n<br \/>Elde edilen dereceler, Salihli judosunun altyap\u0131dan yeti\u015fen sporcular\u0131yla T\u00fcrkiye genelinde \u00f6nemli bir ba\u015far\u0131 yakalad\u0131\u011f\u0131n\u0131 bir kez daha g\u00f6zler \u00f6n\u00fcne serdi.<br \/><\/p>\n","protected":false},"excerpt":{"rendered":"<p>Konya\u2019da d\u00fczenlenen Spor Toto \u00dcmitler T\u00fcrkiye Judo \u015eampiyonas\u0131\u2019nda Salihli\u2019yi temsil eden sporcular \u00f6nemli ba\u015far\u0131lara imza att\u0131. 64 ilden 894 sporcunun kat\u0131l\u0131m\u0131yla ger\u00e7ekle\u015ftirilen \u015fampiyonada Salihli\u2019nin ba\u015far\u0131l\u0131 judocular\u0131ndan Hira K\u0131lk\u0131\u015f, +70 kg kategorisinde m\u00fccadele ederek T\u00fcrkiye ikincisi oldu ve g\u00fcm\u00fc\u015f madalya kazand\u0131. \u015eampiyonada Salihli ad\u0131na yar\u0131\u015fan sporculardan M\u00fcr\u00fcvvet Nur \u00d6zkan ve Sultan Nur Diker, +70 kg kategorisinde&#8230;<\/p>\n","protected":false},"author":1,"featured_media":83904,"comment_status":"open","ping_status":"open","sticky":false,"template":"","format":"standard","meta":{"_crdt_document":"","footnotes":""},"categories":[4],"tags":[],"class_list":["post-83903","post","type-post","status-publish","format-standard","has-post-thumbnail","hentry","category-spor"],"_links":{"self":[{"href":"https:\/\/www.egemtv.com\/index.php?rest_route=\/wp\/v2\/posts\/83903","targetHints":{"allow":["GET"]}}],"collection":[{"href":"https:\/\/www.egemtv.com\/index.php?rest_route=\/wp\/v2\/posts"}],"about":[{"href":"https:\/\/www.egemtv.com\/index.php?rest_route=\/wp\/v2\/types\/post"}],"author":[{"embeddable":true,"href":"https:\/\/www.egemtv.com\/index.php?rest_route=\/wp\/v2\/users\/1"}],"replies":[{"embeddable":true,"href":"https:\/\/www.egemtv.com\/index.php?rest_route=%2Fwp%2Fv2%2Fcomments&post=83903"}],"version-history":[{"count":1,"href":"https:\/\/www.egemtv.com\/index.php?rest_route=\/wp\/v2\/posts\/83903\/revisions"}],"predecessor-version":[{"id":83905,"href":"https:\/\/www.egemtv.com\/index.php?rest_route=\/wp\/v2\/posts\/83903\/revisions\/83905"}],"wp:featuredmedia":[{"embeddable":true,"href":"https:\/\/www.egemtv.com\/index.php?rest_route=\/wp\/v2\/media\/83904"}],"wp:attachment":[{"href":"https:\/\/www.egemtv.com\/index.php?rest_route=%2Fwp%2Fv2%2Fmedia&parent=83903"}],"wp:term":[{"taxonomy":"category","embeddable":true,"href":"https:\/\/www.egemtv.com\/index.php?rest_route=%2Fwp%2Fv2%2Fcategories&post=83903"},{"taxonomy":"post_tag","embeddable":true,"href":"https:\/\/www.egemtv.com\/index.php?rest_route=%2Fwp%2Fv2%2Ftags&post=83903"}],"curies":[{"name":"wp","href":"https:\/\/api.w.org\/{rel}","templated":true}]}}