{"id":83900,"date":"2026-01-29T14:14:58","date_gmt":"2026-01-29T11:14:58","guid":{"rendered":"https:\/\/www.egemtv.com\/?p=83900"},"modified":"2026-01-29T14:14:58","modified_gmt":"2026-01-29T11:14:58","slug":"ak-parti-izmirden-2025-yili-degerlendirmesi","status":"publish","type":"post","link":"https:\/\/www.egemtv.com\/?p=83900","title":{"rendered":"AK Parti \u0130zmir\u2019den 2025 y\u0131l\u0131 de\u011ferlendirmesi"},"content":{"rendered":"<p>AK Parti \u0130zmir \u0130l Ba\u015fkanl\u0131\u011f\u0131\u2019nda, 2025 y\u0131l\u0131na ili\u015fkin hedefler ve kentin sorunlar\u0131n\u0131n ele al\u0131nd\u0131\u011f\u0131 kapsaml\u0131 bir de\u011ferlendirme toplant\u0131s\u0131 d\u00fczenlendi. Cumhuriyet Halk Partili yerel y\u00f6netimleri ele\u015ftiren Eski Gen\u00e7lik ve Spor Bakan\u0131 ve AK Parti \u0130zmir Milletvekili Muharrem Kasapo\u011flu, &#8220;G\u00f6r\u00fcyoruz ki kar\u015f\u0131m\u0131zda bahane \u00fcreten bir belediyecilik anlay\u0131\u015f\u0131 mevcuttur; mazeretlerle vatanda\u015f\u0131n kar\u015f\u0131s\u0131na \u00e7\u0131kmaktan hicap duymayan bir zihniyetle kar\u015f\u0131 kar\u015f\u0131yay\u0131z&#8221; dedi.<br \/>\n<br \/>AK Parti \u0130zmir \u0130l Ba\u015fkanl\u0131\u011f\u0131\u2019nda d\u00fczenlenen toplant\u0131da, 2025 y\u0131l\u0131na ili\u015fkin hedefler, merkezi h\u00fck\u00fcmet yat\u0131r\u0131mlar\u0131 ve kentin sorunlar\u0131 ele al\u0131nd\u0131. Eski Gen\u00e7lik ve Spor Bakan\u0131 ve AK Parti \u0130zmir Milletvekili Muharrem Kasapo\u011flu ile AK Parti \u0130zmir \u0130l Ba\u015fkan\u0131 Bilal Sayg\u0131l\u0131\u2019n\u0131n a\u00e7\u0131klamalarda bulundu\u011fu toplant\u0131da, deprem konutlar\u0131ndan Basmane \u00c7ukuru\u2019na, ula\u015f\u0131m projelerinden \u0130zmir K\u00f6rfezi\u2019ne kadar geni\u015f bir yelpazede de\u011ferlendirmeler yap\u0131ld\u0131.<\/p>\n<p>Kasapo\u011flu: &#8220;\u0130zmir\u2019in pozitif bir g\u00fcndeme ihtiyac\u0131 var&#8221;<br \/>\n<br \/>Toplant\u0131da konu\u015fan Muharrem Kasapo\u011flu, \u0130zmir\u2019in T\u00fcrkiye i\u00e7in sembolik bir \u00f6neme sahip oldu\u011funu belirterek, \u015fehrin pozitif bir g\u00fcndeme ihtiya\u00e7 duydu\u011funu s\u00f6yledi. Kasapo\u011flu, &#8220;\u0130zmir bir d\u00fcnya \u015fehridir. Co\u011frafi konumu, kapsay\u0131c\u0131 yap\u0131s\u0131 ve demografik \u00f6zellikleri itibar\u0131yla son derece \u00f6zel bir \u015fehirdir. \u0130zmir\u2019in pozitif bir g\u00fcndeme ihtiya\u00e7 duydu\u011funu a\u00e7\u0131k\u00e7a g\u00f6rmekteyiz&#8221; dedi.<br \/>\n<br \/>Gen\u00e7lik ve spor yat\u0131r\u0131mlar\u0131 konusunda yerel y\u00f6netimlere i\u015f birli\u011fi \u00e7a\u011fr\u0131s\u0131nda bulunan Kasapo\u011flu, &#8220;Yerel y\u00f6netimlerden, proje \u00fcretimi i\u00e7in taraf\u0131m\u0131za yer g\u00f6sterilmesi hususunda destek talep ettik. Baz\u0131lar\u0131 bu talebimize yap\u0131c\u0131 yakla\u015ft\u0131, di\u011ferlerinden de benzer ad\u0131mlar bekliyoruz. Yeter ki yer g\u00f6stersinler; b\u00f6ylece bu s\u00fcre\u00e7teki \u00e7abam\u0131z\u0131 ve ortaya koydu\u011fumuz somut hizmetleri birlikte b\u00fcy\u00fctebilelim&#8221; ifadelerini kulland\u0131.<\/p>\n<p>&#8220;Mazeret \u00fcreten bir belediyecilik anlay\u0131\u015f\u0131 mevcut&#8221;<br \/>\n<br \/>Mevcut belediyecilik anlay\u0131\u015f\u0131n\u0131 ele\u015ftiren Kasapo\u011flu, kar\u015f\u0131lar\u0131nda mazeret \u00fcreten bir y\u00f6netim oldu\u011funu savundu. Kasapo\u011flu, deprem riski ve yap\u0131 stokuna ili\u015fkin ise \u015funlar\u0131 kaydetti:<br \/>\n<br \/>&#8220;Bu \u015fehrin bir di\u011fer \u00f6nemli g\u00fcndem maddesi deprem riskidir. Merkezi h\u00fck\u00fcmet olarak \u00e7ok \u00f6nemli ad\u0131mlar att\u0131k. 30 binden fazla konutu tamamlayarak \u0130zmirli vatanda\u015flar\u0131m\u0131za teslim ettik. \u015eu anda 20 bin konutluk yeni bir planlamam\u0131z daha mevcuttur ve s\u00fcre\u00e7 h\u0131zl\u0131 bir \u015fekilde ilerlemektedir.&#8221;<br \/>\n<br \/>\u0130zmir K\u00f6rfezi\u2019ndeki kirlilik ve kooperatif s\u00fcre\u00e7lerine de de\u011finen Kasapo\u011flu, &#8220;Vatanda\u015f\u0131n verdi\u011fi sorumlulu\u011fu yerine getiremeyen bir zihniyet s\u00f6z konusudur. \u0130zmir K\u00f6rfezi ayr\u0131 bir sorundur. Y\u0131llard\u0131r mazeret belediyecili\u011fi \u00e7er\u00e7evesinde, s\u00fcrekli ba\u015fkalar\u0131n\u0131 su\u00e7layarak vatanda\u015f\u0131 kokuya ve kirlili\u011fe mahkum eden bir y\u00f6netim anlay\u0131\u015f\u0131 hakimdir&#8221; diye konu\u015ftu.<\/p>\n<p>Sayg\u0131l\u0131: &#8220;\u0130zmir kavgayla de\u011fil, uzla\u015f\u0131yla y\u00fcr\u00fcr&#8221;<br \/>\n<br \/>AK Parti \u0130zmir \u0130l Ba\u015fkan\u0131 Bilal Sayg\u0131l\u0131 ise konu\u015fmas\u0131nda Basmane \u00c7ukuru, Y\u00fcksek H\u0131zl\u0131 Tren projesi ve yerel siyasetteki tart\u0131\u015fmalara yer verdi. Basmane \u00c7ukuru projesine ili\u015fkin TMSF ile yap\u0131lan anla\u015fmay\u0131 de\u011ferlendiren Sayg\u0131l\u0131, s\u00fcre\u00e7te \u00e7\u00f6z\u00fcm i\u00e7in gayret g\u00f6steren \u0130zmir B\u00fcy\u00fck\u015fehir Belediye Ba\u015fkan\u0131 Cemil Tugay\u2019a kendi partilileri taraf\u0131ndan y\u00f6neltilen ele\u015ftirileri do\u011fru bulmad\u0131\u011f\u0131n\u0131 belirtti. Sayg\u0131l\u0131, &#8220;Cemil Tugay\u2019a y\u00f6nelik ifadeler kullanmak siyasi nezakete uygun de\u011fildir. Biz AK Parti olarak bu tarz yakla\u015f\u0131mlara al\u0131\u015f\u0131k de\u011filiz. \u0130zmir\u2019e bak\u0131\u015f a\u00e7\u0131m\u0131z kimsenin zarar\u0131na de\u011fil, \u015fehrin faydas\u0131na olacak \u015fekildedir&#8221; dedi.<br \/>\n<br \/>Ankara-\u0130zmir Y\u00fcksek H\u0131zl\u0131 Tren hatt\u0131n\u0131n tamamlanmas\u0131yla seyahat s\u00fcresinin 3,5 saate d\u00fc\u015fece\u011fini vurgulayan Sayg\u0131l\u0131, &#8220;Vizyonumuz; \u0130zmir\u2019i ulusal ve uluslararas\u0131 turizm, sanayi ve ticaret ekosistemlerine Y\u00fcksek H\u0131zl\u0131 Tren a\u011flar\u0131 ile entegre etmektir&#8221; diye konu\u015ftu.<\/p>\n<p>&#8220;Projeleri hayata ge\u00e7iremeyen bir belediye ile muhatab\u0131z&#8221;<br \/>\n<br \/>CHP\u2019li yerel y\u00f6netimin &#8220;engelleniyoruz&#8221; s\u00f6ylemini ele\u015ftiren Sayg\u0131l\u0131, \u0130zmir B\u00fcy\u00fck\u015fehir Belediyesi\u2019nin projeleri hayata ge\u00e7iremedi\u011fini savundu. Sayg\u0131l\u0131, &#8220;S\u00f6z verilen batt\u0131-\u00e7\u0131kt\u0131lar nerede? Metrob\u00fcs projesinden bahsediliyor ancak otob\u00fcslerin gidece\u011fi yol dahi yok. Yakla\u015f\u0131k iki y\u0131ld\u0131r deniz taksi konusu g\u00fcndemde tutuluyor; fakat ortada ne tekne var ne de hizmet&#8221; \u015feklinde konu\u015ftu.<br \/>\n<br \/>Sayg\u0131l\u0131, s\u00f6zlerini \u015fu ifadelerle tamamlad\u0131:<br \/>\n<br \/>&#8220;Biz, projeleri hayata ge\u00e7iremeyen bir belediye ile muhatab\u0131z; ancak bunu bir kavga sebebi haline getirmek istemiyoruz. Belediye Ba\u015fkan\u0131 Cemil Tugay\u2019\u0131n bu konudaki hakk\u0131n\u0131 teslim etmeliyim; kendisi arar, durumu izah eder ve yard\u0131mc\u0131 olmam\u0131z\u0131 ister. Say\u0131n Bakan\u0131m\u0131z da bizzat yard\u0131mc\u0131 olunmas\u0131 gerekti\u011fini kendisine nezaketle ifade etmi\u015ftir. \u0130zmir kavgayla de\u011fil, uzla\u015f\u0131yla y\u00fcr\u00fcr.&#8221;<br \/>\n<br \/>Toplant\u0131ya Kasapo\u011flu ve Sayg\u0131l\u0131\u2019n\u0131n yan\u0131 s\u0131ra AK Parti Konak \u0130l\u00e7e Ba\u015fkan\u0131 Sait Ba\u015fda\u015f, \u0130zmir B\u00fcy\u00fck\u015fehir Belediye Meclisi AK Parti Grup S\u00f6zc\u00fcs\u00fc U\u011fur \u0130nan Atmaca, Tan\u0131t\u0131m Medya Ba\u015fkan\u0131 Safa Narl\u0131 ve \u0130zmir B\u00fcy\u00fck\u015fehir Belediye Meclis \u00dcyesi Nail Kocaba\u015f kat\u0131ld\u0131.<br \/><\/p>\n","protected":false},"excerpt":{"rendered":"<p>AK Parti \u0130zmir \u0130l Ba\u015fkanl\u0131\u011f\u0131\u2019nda, 2025 y\u0131l\u0131na ili\u015fkin hedefler ve kentin sorunlar\u0131n\u0131n ele al\u0131nd\u0131\u011f\u0131 kapsaml\u0131 bir de\u011ferlendirme toplant\u0131s\u0131 d\u00fczenlendi. Cumhuriyet Halk Partili yerel y\u00f6netimleri ele\u015ftiren Eski Gen\u00e7lik ve Spor Bakan\u0131 ve AK Parti \u0130zmir Milletvekili Muharrem Kasapo\u011flu, &#8220;G\u00f6r\u00fcyoruz ki kar\u015f\u0131m\u0131zda bahane \u00fcreten bir belediyecilik anlay\u0131\u015f\u0131 mevcuttur; mazeretlerle vatanda\u015f\u0131n kar\u015f\u0131s\u0131na \u00e7\u0131kmaktan hicap duymayan bir zihniyetle kar\u015f\u0131&#8230;<\/p>\n","protected":false},"author":1,"featured_media":83901,"comment_status":"open","ping_status":"open","sticky":false,"template":"","format":"standard","meta":{"_crdt_document":"","footnotes":""},"categories":[127],"tags":[],"class_list":["post-83900","post","type-post","status-publish","format-standard","has-post-thumbnail","hentry","category-siyaset"],"_links":{"self":[{"href":"https:\/\/www.egemtv.com\/index.php?rest_route=\/wp\/v2\/posts\/83900","targetHints":{"allow":["GET"]}}],"collection":[{"href":"https:\/\/www.egemtv.com\/index.php?rest_route=\/wp\/v2\/posts"}],"about":[{"href":"https:\/\/www.egemtv.com\/index.php?rest_route=\/wp\/v2\/types\/post"}],"author":[{"embeddable":true,"href":"https:\/\/www.egemtv.com\/index.php?rest_route=\/wp\/v2\/users\/1"}],"replies":[{"embeddable":true,"href":"https:\/\/www.egemtv.com\/index.php?rest_route=%2Fwp%2Fv2%2Fcomments&post=83900"}],"version-history":[{"count":1,"href":"https:\/\/www.egemtv.com\/index.php?rest_route=\/wp\/v2\/posts\/83900\/revisions"}],"predecessor-version":[{"id":83902,"href":"https:\/\/www.egemtv.com\/index.php?rest_route=\/wp\/v2\/posts\/83900\/revisions\/83902"}],"wp:featuredmedia":[{"embeddable":true,"href":"https:\/\/www.egemtv.com\/index.php?rest_route=\/wp\/v2\/media\/83901"}],"wp:attachment":[{"href":"https:\/\/www.egemtv.com\/index.php?rest_route=%2Fwp%2Fv2%2Fmedia&parent=83900"}],"wp:term":[{"taxonomy":"category","embeddable":true,"href":"https:\/\/www.egemtv.com\/index.php?rest_route=%2Fwp%2Fv2%2Fcategories&post=83900"},{"taxonomy":"post_tag","embeddable":true,"href":"https:\/\/www.egemtv.com\/index.php?rest_route=%2Fwp%2Fv2%2Ftags&post=83900"}],"curies":[{"name":"wp","href":"https:\/\/api.w.org\/{rel}","templated":true}]}}