{"id":83897,"date":"2026-01-29T14:14:57","date_gmt":"2026-01-29T11:14:57","guid":{"rendered":"https:\/\/www.egemtv.com\/?p=83897"},"modified":"2026-01-29T14:14:58","modified_gmt":"2026-01-29T11:14:58","slug":"altaya-fifadan-6-puan-silme-cezasi","status":"publish","type":"post","link":"https:\/\/www.egemtv.com\/?p=83897","title":{"rendered":"Altay\u2019a, FIFA\u2019dan 6 puan silme cezas\u0131"},"content":{"rendered":"<p>Altay Ba\u015fkan\u0131 Sinan Kanl\u0131, kaleci Adam Stachowiak\u2019\u0131n ge\u00e7mi\u015f d\u00f6nemlerden kalan alacaklar\u0131 nedeniyle FIFA taraf\u0131ndan kul\u00fcbe 6 puan silme cezas\u0131 verildi\u011fini a\u00e7\u0131klad\u0131.<br \/>\n<br \/>\u0130zmir\u2019in en k\u00f6kl\u00fc kul\u00fcplerinden Altay\u2019da sorunlar devam ediyor. TFF 3. Lig 4. Grup\u2019ta m\u00fccadele eden siyah-beyazl\u0131 kul\u00fcbe, FIFA\u2019dan k\u00f6t\u00fc haber geldi. Altay formas\u0131yla 2020-2021 sezonunda 1. Lig\u2019de 4 ma\u00e7ta g\u00f6rev yapan Polonyal\u0131 kaleci Adam Stachowiak\u2019\u0131n, faizleriyle birlikte 600 bin Euro\u2019yu bulan alaca\u011f\u0131 nedeniyle kul\u00fcbe 6 puan silme cezas\u0131 verildi. Altay Ba\u015fkan\u0131 Sinan Kanl\u0131, sosyal medya hesab\u0131ndan konuyla ilgili a\u00e7\u0131klama yapt\u0131. Ceza al\u0131nmamas\u0131 i\u00e7in bir s\u00fcredir verdikleri m\u00fccadelenin istediklerini gibi sonu\u00e7lanmad\u0131\u011f\u0131n\u0131 vurgulayan Kanl\u0131, &#8220;G\u00fcnlerdir s\u00fcren eksi puan\u0131 almama m\u00fccadelemiz, ne yaz\u0131k ki kaleci Adam Stachowiak\u2019\u0131n hi\u00e7bir \u015fekilde anla\u015fmaya ve uzla\u015fmaya yana\u015fmamas\u0131 sebebiyle olumsuz sonu\u00e7lanm\u0131\u015ft\u0131r. Adam Stachowiak, kul\u00fcb\u00fcm\u00fczde sadece birka\u00e7 ma\u00e7 oynamas\u0131na ra\u011fmen, faizleriyle birlikte 600 bin Euro\u2019nun \u00fczerinde bir mebla\u011f\u0131n kendisine tek seferde \u00f6denmesini talep etmi\u015ftir. G\u00fcnlerdir kendisiyle temas kurularak anla\u015fma sa\u011flanmak istenmesine ra\u011fmen, bu tutumu nedeniyle uzla\u015fma m\u00fcmk\u00fcn olmam\u0131\u015ft\u0131r&#8221; dedi.<br \/><\/p>\n","protected":false},"excerpt":{"rendered":"<p>Altay Ba\u015fkan\u0131 Sinan Kanl\u0131, kaleci Adam Stachowiak\u2019\u0131n ge\u00e7mi\u015f d\u00f6nemlerden kalan alacaklar\u0131 nedeniyle FIFA taraf\u0131ndan kul\u00fcbe 6 puan silme cezas\u0131 verildi\u011fini a\u00e7\u0131klad\u0131. \u0130zmir\u2019in en k\u00f6kl\u00fc kul\u00fcplerinden Altay\u2019da sorunlar devam ediyor. TFF 3. Lig 4. Grup\u2019ta m\u00fccadele eden siyah-beyazl\u0131 kul\u00fcbe, FIFA\u2019dan k\u00f6t\u00fc haber geldi. Altay formas\u0131yla 2020-2021 sezonunda 1. Lig\u2019de 4 ma\u00e7ta g\u00f6rev yapan Polonyal\u0131 kaleci Adam&#8230;<\/p>\n","protected":false},"author":1,"featured_media":83898,"comment_status":"open","ping_status":"open","sticky":false,"template":"","format":"standard","meta":{"_crdt_document":"","footnotes":""},"categories":[4],"tags":[],"class_list":["post-83897","post","type-post","status-publish","format-standard","has-post-thumbnail","hentry","category-spor"],"_links":{"self":[{"href":"https:\/\/www.egemtv.com\/index.php?rest_route=\/wp\/v2\/posts\/83897","targetHints":{"allow":["GET"]}}],"collection":[{"href":"https:\/\/www.egemtv.com\/index.php?rest_route=\/wp\/v2\/posts"}],"about":[{"href":"https:\/\/www.egemtv.com\/index.php?rest_route=\/wp\/v2\/types\/post"}],"author":[{"embeddable":true,"href":"https:\/\/www.egemtv.com\/index.php?rest_route=\/wp\/v2\/users\/1"}],"replies":[{"embeddable":true,"href":"https:\/\/www.egemtv.com\/index.php?rest_route=%2Fwp%2Fv2%2Fcomments&post=83897"}],"version-history":[{"count":1,"href":"https:\/\/www.egemtv.com\/index.php?rest_route=\/wp\/v2\/posts\/83897\/revisions"}],"predecessor-version":[{"id":83899,"href":"https:\/\/www.egemtv.com\/index.php?rest_route=\/wp\/v2\/posts\/83897\/revisions\/83899"}],"wp:featuredmedia":[{"embeddable":true,"href":"https:\/\/www.egemtv.com\/index.php?rest_route=\/wp\/v2\/media\/83898"}],"wp:attachment":[{"href":"https:\/\/www.egemtv.com\/index.php?rest_route=%2Fwp%2Fv2%2Fmedia&parent=83897"}],"wp:term":[{"taxonomy":"category","embeddable":true,"href":"https:\/\/www.egemtv.com\/index.php?rest_route=%2Fwp%2Fv2%2Fcategories&post=83897"},{"taxonomy":"post_tag","embeddable":true,"href":"https:\/\/www.egemtv.com\/index.php?rest_route=%2Fwp%2Fv2%2Ftags&post=83897"}],"curies":[{"name":"wp","href":"https:\/\/api.w.org\/{rel}","templated":true}]}}