{"id":83894,"date":"2026-01-29T14:14:55","date_gmt":"2026-01-29T11:14:55","guid":{"rendered":"https:\/\/www.egemtv.com\/?p=83894"},"modified":"2026-01-29T14:14:57","modified_gmt":"2026-01-29T11:14:57","slug":"dolu-ve-hortumun-vurdugu-seydikemerde-oda-baskanlarindan-destek-cagrisi","status":"publish","type":"post","link":"https:\/\/www.egemtv.com\/?p=83894","title":{"rendered":"Dolu ve hortumun vurdu\u011fu Seydikemer\u2019de oda ba\u015fkanlar\u0131ndan destek \u00e7a\u011fr\u0131s\u0131"},"content":{"rendered":"<p>Mu\u011fla Ziraat Odalar\u0131 Birli\u011fi ve Mente\u015fe Ziraat Odas\u0131 Ba\u015fkan\u0131 Mehmet Ba\u015ftu\u011f, Seydikemer il\u00e7esinde dolu ve hortum nedeniyle zarar g\u00f6ren seralarda incelemelerde bulundu. Seydikemer Ziraat Odas\u0131 Ba\u015fkan\u0131 Muhsin G\u00fcm\u00fc\u015f, Ortaca Ziraat Odas\u0131 Ba\u015fkan\u0131 Erol G\u00fczel\u2019in de yer ald\u0131\u011f\u0131 incelemede, hortum sonras\u0131 b\u00fcy\u00fck has\u0131r olu\u015ftu\u011fu seralar\u0131n tekrar aya\u011fa kalkmas\u0131 i\u00e7in Bakanl\u0131\u011f\u0131n devreye girmesi istendi.<br \/>\n<br \/>Hasat d\u00f6neminde meydana gelen afetin, \u00fcreticiler \u00fczerinde a\u011f\u0131r bir ma\u011fduriyet olu\u015fturdu\u011funu belirten Mu\u011fla Ziraat Odalar\u0131 Birli\u011fi Ba\u015fkan\u0131 Mehmet Ba\u015ftu\u011f, \u00e7ift\u00e7ilerin b\u00fcy\u00fck emek ve maddi kay\u0131plarla kar\u015f\u0131 kar\u015f\u0131ya kald\u0131\u011f\u0131n\u0131 ifade etti.<br \/>\n<br \/>Ziyaret s\u0131ras\u0131nda a\u00e7\u0131klamalarda bulunan ba\u015fkanlar, zarar g\u00f6ren \u00fcreticilerin ayakta kalabilmesi i\u00e7in Tar\u0131m ve Orman Bakanl\u0131\u011f\u0131\u2019n\u0131n b\u00f6lgedeki \u00e7ift\u00e7ilere y\u00f6nelik acil destek ve yard\u0131m \u00e7al\u0131\u015fmalar\u0131n\u0131 bir an \u00f6nce hayata ge\u00e7irmesi gerekti\u011fini vurgulad\u0131. Ya\u015fanan do\u011fal afet sonras\u0131 \u00e7ift\u00e7ilerin \u00fcretime devam edebilmesi i\u00e7in gerekli t\u00fcm desteklerin sa\u011flanmas\u0131n\u0131n b\u00fcy\u00fck \u00f6nem ta\u015f\u0131d\u0131\u011f\u0131 belirtildi.<br \/><\/p>\n","protected":false},"excerpt":{"rendered":"<p>Mu\u011fla Ziraat Odalar\u0131 Birli\u011fi ve Mente\u015fe Ziraat Odas\u0131 Ba\u015fkan\u0131 Mehmet Ba\u015ftu\u011f, Seydikemer il\u00e7esinde dolu ve hortum nedeniyle zarar g\u00f6ren seralarda incelemelerde bulundu. Seydikemer Ziraat Odas\u0131 Ba\u015fkan\u0131 Muhsin G\u00fcm\u00fc\u015f, Ortaca Ziraat Odas\u0131 Ba\u015fkan\u0131 Erol G\u00fczel\u2019in de yer ald\u0131\u011f\u0131 incelemede, hortum sonras\u0131 b\u00fcy\u00fck has\u0131r olu\u015ftu\u011fu seralar\u0131n tekrar aya\u011fa kalkmas\u0131 i\u00e7in Bakanl\u0131\u011f\u0131n devreye girmesi istendi. Hasat d\u00f6neminde meydana&#8230;<\/p>\n","protected":false},"author":1,"featured_media":83895,"comment_status":"open","ping_status":"open","sticky":false,"template":"","format":"standard","meta":{"_crdt_document":"","footnotes":""},"categories":[1],"tags":[],"class_list":["post-83894","post","type-post","status-publish","format-standard","has-post-thumbnail","hentry","category-guncel"],"_links":{"self":[{"href":"https:\/\/www.egemtv.com\/index.php?rest_route=\/wp\/v2\/posts\/83894","targetHints":{"allow":["GET"]}}],"collection":[{"href":"https:\/\/www.egemtv.com\/index.php?rest_route=\/wp\/v2\/posts"}],"about":[{"href":"https:\/\/www.egemtv.com\/index.php?rest_route=\/wp\/v2\/types\/post"}],"author":[{"embeddable":true,"href":"https:\/\/www.egemtv.com\/index.php?rest_route=\/wp\/v2\/users\/1"}],"replies":[{"embeddable":true,"href":"https:\/\/www.egemtv.com\/index.php?rest_route=%2Fwp%2Fv2%2Fcomments&post=83894"}],"version-history":[{"count":1,"href":"https:\/\/www.egemtv.com\/index.php?rest_route=\/wp\/v2\/posts\/83894\/revisions"}],"predecessor-version":[{"id":83896,"href":"https:\/\/www.egemtv.com\/index.php?rest_route=\/wp\/v2\/posts\/83894\/revisions\/83896"}],"wp:featuredmedia":[{"embeddable":true,"href":"https:\/\/www.egemtv.com\/index.php?rest_route=\/wp\/v2\/media\/83895"}],"wp:attachment":[{"href":"https:\/\/www.egemtv.com\/index.php?rest_route=%2Fwp%2Fv2%2Fmedia&parent=83894"}],"wp:term":[{"taxonomy":"category","embeddable":true,"href":"https:\/\/www.egemtv.com\/index.php?rest_route=%2Fwp%2Fv2%2Fcategories&post=83894"},{"taxonomy":"post_tag","embeddable":true,"href":"https:\/\/www.egemtv.com\/index.php?rest_route=%2Fwp%2Fv2%2Ftags&post=83894"}],"curies":[{"name":"wp","href":"https:\/\/api.w.org\/{rel}","templated":true}]}}